{"id":4821,"date":"2018-03-12T13:57:21","date_gmt":"2018-03-12T13:57:21","guid":{"rendered":"http:\/\/sobedrj.com.br\/novo\/?p=4821"},"modified":"2018-03-13T12:29:56","modified_gmt":"2018-03-13T12:29:56","slug":"sobed-participa-de-reuniao-do-conselho-de-defesa-profissional-da-amb","status":"publish","type":"post","link":"https:\/\/sobedrj.com.br\/novo\/2018\/03\/12\/sobed-participa-de-reuniao-do-conselho-de-defesa-profissional-da-amb\/","title":{"rendered":"SOBED participa de reuni\u00e3o do conselho de defesa profissional da AMB"},"content":{"rendered":"<p>fonte: SOBED<\/p>\n<p style=\"font-weight: 400;\">Em 27 de fevereiro, a SOBED esteve presente na reuni\u00e3o do Conselho de Defesa Profissional da Associa\u00e7\u00e3o M\u00e9dica Brasileira, coordenada pelo Dr. Carlos Alfredo Jasmin. Dentre os destaques est\u00e1 a discuss\u00e3o acerca dos novos contratos com operadoras de sa\u00fade.<\/p>\n<p style=\"font-weight: 400;\">A Dra. Ana Zuccaro, presidente da Comiss\u00e3o de \u00c9tica, Defesa Profissional e Honor\u00e1rios M\u00e9dicos da SOBED, representou a institui\u00e7\u00e3o no encontro e salienta que \u201co m\u00ednimo de reajuste a ser aceito \u00e9 100% do IPCA do \u00faltimo ano e, para endoscopistas com t\u00edtulo de especialista, 105%. Alertamos aos colegas para n\u00e3o aceitarem reajustes com percentuais menores do IPCA e denunciar \u00e0 SOBED\u201d.<\/p>\n<p style=\"font-weight: 400;\">Tamb\u00e9m houve amplo debate sobre os novos modelos de remunera\u00e7\u00e3o elaborados sem a participa\u00e7\u00e3o das sociedades de especialidade e que afetar\u00e3o a todos os profissionais. \u201cA SOBED estar\u00e1 presente em todos os F\u00f3runs de Discuss\u00e3o, visando minimizar o impacto desses novos modelos nos honor\u00e1rios m\u00e9dicos dos endoscopistas\u201d, concluiu.<\/p>\n","protected":false},"excerpt":{"rendered":"<p>fonte: SOBED Em 27 de fevereiro, a SOBED esteve presente na reuni\u00e3o do Conselho de Defesa Profissional da Associa\u00e7\u00e3o M\u00e9dica Brasileira, coordenada pelo Dr. Carlos Alfredo Jasmin. Dentre os destaques est\u00e1 a discuss\u00e3o acerca dos novos contratos com operadoras de sa\u00fade. A Dra. Ana Zuccaro, presidente da Comiss\u00e3o de \u00c9tica, Defesa Profissional e Honor\u00e1rios M\u00e9dicos [&hellip;]<\/p>\n","protected":false},"author":1,"featured_media":4459,"comment_status":"closed","ping_status":"open","sticky":false,"template":"","format":"standard","meta":{"ngg_post_thumbnail":0,"footnotes":""},"categories":[2],"tags":[],"class_list":["post-4821","post","type-post","status-publish","format-standard","has-post-thumbnail","hentry","category-noticias"],"aioseo_notices":[],"gutentor_comment":0,"_links":{"self":[{"href":"https:\/\/sobedrj.com.br\/novo\/wp-json\/wp\/v2\/posts\/4821","targetHints":{"allow":["GET"]}}],"collection":[{"href":"https:\/\/sobedrj.com.br\/novo\/wp-json\/wp\/v2\/posts"}],"about":[{"href":"https:\/\/sobedrj.com.br\/novo\/wp-json\/wp\/v2\/types\/post"}],"author":[{"embeddable":true,"href":"https:\/\/sobedrj.com.br\/novo\/wp-json\/wp\/v2\/users\/1"}],"replies":[{"embeddable":true,"href":"https:\/\/sobedrj.com.br\/novo\/wp-json\/wp\/v2\/comments?post=4821"}],"version-history":[{"count":1,"href":"https:\/\/sobedrj.com.br\/novo\/wp-json\/wp\/v2\/posts\/4821\/revisions"}],"predecessor-version":[{"id":4822,"href":"https:\/\/sobedrj.com.br\/novo\/wp-json\/wp\/v2\/posts\/4821\/revisions\/4822"}],"wp:featuredmedia":[{"embeddable":true,"href":"https:\/\/sobedrj.com.br\/novo\/wp-json\/wp\/v2\/media\/4459"}],"wp:attachment":[{"href":"https:\/\/sobedrj.com.br\/novo\/wp-json\/wp\/v2\/media?parent=4821"}],"wp:term":[{"taxonomy":"category","embeddable":true,"href":"https:\/\/sobedrj.com.br\/novo\/wp-json\/wp\/v2\/categories?post=4821"},{"taxonomy":"post_tag","embeddable":true,"href":"https:\/\/sobedrj.com.br\/novo\/wp-json\/wp\/v2\/tags?post=4821"}],"curies":[{"name":"wp","href":"https:\/\/api.w.org\/{rel}","templated":true}]}}