{"id":4827,"date":"2018-03-12T14:19:11","date_gmt":"2018-03-12T14:19:11","guid":{"rendered":"http:\/\/sobedrj.com.br\/novo\/?p=4827"},"modified":"2018-03-12T14:21:38","modified_gmt":"2018-03-12T14:21:38","slug":"usp-promove-forum-sobre-diagnostico-e-tratamento-de-cancer-precoce-de-esofago-estomago-e-colon","status":"publish","type":"post","link":"https:\/\/sobedrj.com.br\/novo\/2018\/03\/12\/usp-promove-forum-sobre-diagnostico-e-tratamento-de-cancer-precoce-de-esofago-estomago-e-colon\/","title":{"rendered":"USP promove f\u00f3rum sobre diagn\u00f3stico e tratamento de c\u00e2ncer precoce de es\u00f4fago, est\u00f4mago e c\u00f3lon"},"content":{"rendered":"<p><a href=\"https:\/\/eephcfmusp.org.br\/portal\/online\/produto\/forum-cdg\/\"><img loading=\"lazy\" decoding=\"async\" class=\"aligncenter wp-image-4828 size-full\" src=\"http:\/\/sobedrj.com.br\/novo\/wp-content\/uploads\/2018\/03\/forum_usp_abril_2018.jpg\" alt=\"\" width=\"725\" height=\"1024\" srcset=\"https:\/\/sobedrj.com.br\/novo\/wp-content\/uploads\/2018\/03\/forum_usp_abril_2018.jpg 725w, https:\/\/sobedrj.com.br\/novo\/wp-content\/uploads\/2018\/03\/forum_usp_abril_2018-212x300.jpg 212w, https:\/\/sobedrj.com.br\/novo\/wp-content\/uploads\/2018\/03\/forum_usp_abril_2018-600x847.jpg 600w\" sizes=\"auto, (max-width: 725px) 100vw, 725px\" \/><\/a><\/p>\n","protected":false},"excerpt":{"rendered":"","protected":false},"author":1,"featured_media":1381,"comment_status":"closed","ping_status":"open","sticky":false,"template":"","format":"standard","meta":{"ngg_post_thumbnail":0,"footnotes":""},"categories":[2],"tags":[],"class_list":["post-4827","post","type-post","status-publish","format-standard","has-post-thumbnail","hentry","category-noticias"],"aioseo_notices":[],"gutentor_comment":0,"_links":{"self":[{"href":"https:\/\/sobedrj.com.br\/novo\/wp-json\/wp\/v2\/posts\/4827","targetHints":{"allow":["GET"]}}],"collection":[{"href":"https:\/\/sobedrj.com.br\/novo\/wp-json\/wp\/v2\/posts"}],"about":[{"href":"https:\/\/sobedrj.com.br\/novo\/wp-json\/wp\/v2\/types\/post"}],"author":[{"embeddable":true,"href":"https:\/\/sobedrj.com.br\/novo\/wp-json\/wp\/v2\/users\/1"}],"replies":[{"embeddable":true,"href":"https:\/\/sobedrj.com.br\/novo\/wp-json\/wp\/v2\/comments?post=4827"}],"version-history":[{"count":2,"href":"https:\/\/sobedrj.com.br\/novo\/wp-json\/wp\/v2\/posts\/4827\/revisions"}],"predecessor-version":[{"id":4830,"href":"https:\/\/sobedrj.com.br\/novo\/wp-json\/wp\/v2\/posts\/4827\/revisions\/4830"}],"wp:featuredmedia":[{"embeddable":true,"href":"https:\/\/sobedrj.com.br\/novo\/wp-json\/wp\/v2\/media\/1381"}],"wp:attachment":[{"href":"https:\/\/sobedrj.com.br\/novo\/wp-json\/wp\/v2\/media?parent=4827"}],"wp:term":[{"taxonomy":"category","embeddable":true,"href":"https:\/\/sobedrj.com.br\/novo\/wp-json\/wp\/v2\/categories?post=4827"},{"taxonomy":"post_tag","embeddable":true,"href":"https:\/\/sobedrj.com.br\/novo\/wp-json\/wp\/v2\/tags?post=4827"}],"curies":[{"name":"wp","href":"https:\/\/api.w.org\/{rel}","templated":true}]}}