{"id":4907,"date":"2018-05-30T00:54:39","date_gmt":"2018-05-30T00:54:39","guid":{"rendered":"http:\/\/sobedrj.com.br\/novo\/?p=4907"},"modified":"2018-06-01T05:18:43","modified_gmt":"2018-06-01T05:18:43","slug":"oficina-de-junho-sera-sobre-acessos-enterais-e-acontece-no-dia-9-confira-a-programacao","status":"publish","type":"post","link":"https:\/\/sobedrj.com.br\/novo\/2018\/05\/30\/oficina-de-junho-sera-sobre-acessos-enterais-e-acontece-no-dia-9-confira-a-programacao\/","title":{"rendered":"Oficina de junho ser\u00e1 sobre acessos enterais e acontece no dia 9. Confira a programa\u00e7\u00e3o!"},"content":{"rendered":"<p>A SOBED-RJ encerra sua programa\u00e7\u00e3o de atividades cient\u00edficas do 1\u00ba semestre no dia 9 de junho, s\u00e1bado, quando ocorrer\u00e1 a Oficina de acessos enterais.<\/p>\n<p>O evento, cuja coordena\u00e7\u00e3o \u00e9 do Dr. Gustavo Mello (INCA), ser\u00e1 realizado das 9h \u00e0s 12h no audit\u00f3rio do Centro de estudos do Hospital Samaritano, em Botafogo.<\/p>\n<p><strong>CONFIRA A PROGRAMA\u00c7\u00c3O<\/strong><\/p>\n<p>9h \u00e0s 9h10\u00a0<strong>ABERTURA<\/strong><\/p>\n<p><em>Dra. Elizabeth Castro (Presidente SOBED-RJ)<\/em><\/p>\n<p>9h10 \u00e0s 10h10<strong>\u00a0MESA REDONDA &#8211; Qual Gastrostomia?\u00a0<\/strong><\/p>\n<p><em>Moderador: Dr. Djalma Coelho<\/em><\/p>\n<p>9h10 as 9h25<strong>\u00a0Gastrostomia Endosc\u00f3pica Percut\u00e2nea (GEP)<\/strong><\/p>\n<p><em>Dra. Mariceli Costa (HFI)<\/em><\/p>\n<p>9h25 \u00e0s 9h40\u00a0<strong>Gastrostomia Radiol\u00f3gica Percut\u00e2nea (GRP)<\/strong><\/p>\n<p><em>Dr. Hugo Gouveia (INCA)<\/em><\/p>\n<p>9h40 \u00e0s 9h55\u00a0<strong>Gastrostomia Cir\u00fargica<\/strong><\/p>\n<p><em>Dr. Armando Porto Carrero (UFF, Hospital Samaritano)<\/em><\/p>\n<p>9h55 \u00e0s 10h10\u00a0<strong>Discuss\u00e3o<\/strong><\/p>\n<p>10h10 \u00e0s 10h20<strong>\u00a0Intervalo<\/strong><\/p>\n<p>10h20 \u00e0s 11h05<strong>\u00a0PAINEL &#8211; Acessos Enterais Endosc\u00f3picos &#8211; Grandes quest\u00f5es:<\/strong><\/p>\n<p><em>Moderador: Dr. Djalma Coelho<\/em><\/p>\n<p>10h20h \u00e0s 10h35\u00a0<strong>D-JEP x J-PEG<\/strong><\/p>\n<p><em>Dr. Alexandre Pelosi (INCA)<\/em><\/p>\n<p>10h35 \u00e0s 10h50\u00a0<strong>T\u00e9cnica de Tra\u00e7\u00e3o x T\u00e9cnica de Introdu\u00e7\u00e3o<\/strong><\/p>\n<p><em>Dr. Gustavo Mello (INCA, INTO, Hospital Samaritano)<\/em><\/p>\n<p>10h50 \u00e0s 11h05\u00a0<strong>Discuss\u00e3o<\/strong><\/p>\n<p>11h05 \u00e0s 11h15<strong> Intervalo<\/strong><\/p>\n<p>11h15 \u00e0s 12h\u00a0<strong>PAINEL &#8211; Considera\u00e7\u00f5es Especiais:<\/strong><\/p>\n<p><em>Moderadora:\u00a0Dra. Elizabeth Cardoso de Castro<\/em><\/p>\n<p>11h15 \u00e0s 11h30\u00a0<strong>GEP em Pediatria<\/strong><\/p>\n<p><em>Dra. Paula Peruzzi Elia (IFF)<\/em><\/p>\n<p>11h30 \u00e0s 11h45\u00a0<strong>GEP &#8211; Um outro olhar (Indica\u00e7\u00f5es e Considera\u00e7\u00f5es<\/strong> <strong>\u00c9ticas)<\/strong><\/p>\n<p><em>Dr. Regis G\u00f3es (INTO, Hospital Samaritano)<\/em><\/p>\n<p>11h45 \u00e0s 12h <strong>Discuss\u00e3o<\/strong><\/p>\n<p>12:00h <strong>ENCERRAMENTO<\/strong><\/p>\n<p>Ap\u00f3s a oficina\u00a0acontecer\u00e1 a elei\u00e7\u00e3o de nova diretoria da SOBED-RJ para o bi\u00eanio 2018\/20 (<a href=\"http:\/\/sobedrj.com.br\/novo\/2018\/05\/edital-de-convocacao-para-eleicoes-da-sobed-rj\/\" target=\"_blank\" rel=\"noopener\">confira o edital<\/a>).<\/p>\n<p><strong>SAIBA COMO CHEGAR<\/strong><\/p>\n<p>O audit\u00f3rio do centro de estudos do Hospital Samaritano fica na Rua Assun\u00e7\u00e3o, 286, em Botafogo. Ao lado h\u00e1 um estacionamento rotativo.<\/p>\n<p style=\"text-align: center;\"><iframe loading=\"lazy\" src=\"https:\/\/www.google.com\/maps\/embed?pb=!1m18!1m12!1m3!1d3674.1192310498573!2d-43.18907698562396!3d-22.945835645032904!2m3!1f0!2f0!3f0!3m2!1i1024!2i768!4f13.1!3m3!1m2!1s0x997fec2cbc4c1f%3A0xe93615a10e38b3aa!2sRua+Assun%C3%A7%C3%A3o%2C+286+-+Botafogo%2C+Rio+de+Janeiro+-+RJ%2C+22251-030!5e0!3m2!1spt-BR!2sbr!4v1517338137267\" width=\"600\" height=\"450\" frameborder=\"0\" allowfullscreen=\"allowfullscreen\" data-mce-fragment=\"1\"><\/iframe><\/p>\n","protected":false},"excerpt":{"rendered":"<p>A SOBED-RJ encerra sua programa\u00e7\u00e3o de atividades cient\u00edficas do 1\u00ba semestre no dia 9 de junho, s\u00e1bado, quando ocorrer\u00e1 a Oficina de acessos enterais. O evento, cuja coordena\u00e7\u00e3o \u00e9 do Dr. Gustavo Mello (INCA), ser\u00e1 realizado das 9h \u00e0s 12h no audit\u00f3rio do Centro de estudos do Hospital Samaritano, em Botafogo. CONFIRA A PROGRAMA\u00c7\u00c3O 9h [&hellip;]<\/p>\n","protected":false},"author":1,"featured_media":5200,"comment_status":"closed","ping_status":"open","sticky":false,"template":"","format":"standard","meta":{"ngg_post_thumbnail":0,"footnotes":""},"categories":[2],"tags":[],"class_list":["post-4907","post","type-post","status-publish","format-standard","has-post-thumbnail","hentry","category-noticias"],"aioseo_notices":[],"gutentor_comment":0,"_links":{"self":[{"href":"https:\/\/sobedrj.com.br\/novo\/wp-json\/wp\/v2\/posts\/4907","targetHints":{"allow":["GET"]}}],"collection":[{"href":"https:\/\/sobedrj.com.br\/novo\/wp-json\/wp\/v2\/posts"}],"about":[{"href":"https:\/\/sobedrj.com.br\/novo\/wp-json\/wp\/v2\/types\/post"}],"author":[{"embeddable":true,"href":"https:\/\/sobedrj.com.br\/novo\/wp-json\/wp\/v2\/users\/1"}],"replies":[{"embeddable":true,"href":"https:\/\/sobedrj.com.br\/novo\/wp-json\/wp\/v2\/comments?post=4907"}],"version-history":[{"count":3,"href":"https:\/\/sobedrj.com.br\/novo\/wp-json\/wp\/v2\/posts\/4907\/revisions"}],"predecessor-version":[{"id":5213,"href":"https:\/\/sobedrj.com.br\/novo\/wp-json\/wp\/v2\/posts\/4907\/revisions\/5213"}],"wp:featuredmedia":[{"embeddable":true,"href":"https:\/\/sobedrj.com.br\/novo\/wp-json\/wp\/v2\/media\/5200"}],"wp:attachment":[{"href":"https:\/\/sobedrj.com.br\/novo\/wp-json\/wp\/v2\/media?parent=4907"}],"wp:term":[{"taxonomy":"category","embeddable":true,"href":"https:\/\/sobedrj.com.br\/novo\/wp-json\/wp\/v2\/categories?post=4907"},{"taxonomy":"post_tag","embeddable":true,"href":"https:\/\/sobedrj.com.br\/novo\/wp-json\/wp\/v2\/tags?post=4907"}],"curies":[{"name":"wp","href":"https:\/\/api.w.org\/{rel}","templated":true}]}}