{"id":4979,"date":"2018-04-09T09:58:14","date_gmt":"2018-04-09T09:58:14","guid":{"rendered":"http:\/\/sobedrj.com.br\/novo\/?p=4979"},"modified":"2018-04-10T09:43:23","modified_gmt":"2018-04-10T09:43:23","slug":"ministerio-anuncia-suspensao-da-criacao-de-cursos-de-medicina-por-cinco-anos","status":"publish","type":"post","link":"https:\/\/sobedrj.com.br\/novo\/2018\/04\/09\/ministerio-anuncia-suspensao-da-criacao-de-cursos-de-medicina-por-cinco-anos\/","title":{"rendered":"Minist\u00e9rio anuncia suspens\u00e3o da cria\u00e7\u00e3o de cursos de Medicina por cinco anos"},"content":{"rendered":"<p>fonte: Estad\u00e3o<\/p>\n<p>O ministro da Educa\u00e7\u00e3o, Mendon\u00e7a Filho, anunciou na quinta-feira, 5, a publica\u00e7\u00e3o de um decreto que suspende por cinco anos a cria\u00e7\u00e3o de cursos de medicina no Pa\u00eds. A medida ocorre dias antes de o ministro deixar o cargo e quatro meses depois do previsto. Em novembro, quando a\u00a0decis\u00e3o\u00a0 foi comunicada, a expectativa era a de que a morat\u00f3ria fosse assinada j\u00e1 em dezembro.<\/p>\n<p>Ao anunciar a ideia de suspender a cria\u00e7\u00e3o de vagas para cursos de Medicina no ano passado, Mendon\u00e7a havia afirmado que a expans\u00e3o de forma desordenada dos postos de ensino tinha colocado em risco a qualidade e que, para aumento das escolas, era preciso haver infraestrutura e corpo docente com forma\u00e7\u00e3o adequada.<\/p>\n<p>A medida atende a uma reivindica\u00e7\u00e3o feita h\u00e1 tempos por entidades de classe. Associa\u00e7\u00f5es se queixam do expressivo aumento das vagas de cursos de medicina, sobretudo depois da Lei dos Mais M\u00e9dicos.<\/p>\n<p>Al\u00e9m da morat\u00f3ria, entidades de classe esperam\u00a0 tamb\u00e9m para amanh\u00e3 a regulamenta\u00e7\u00e3o de certifica\u00e7\u00e3o de cursos de medicina. A proposta defendida pelo grupo \u00e9 de que essa comiss\u00e3o externa, cujos integrantes seriam indicados pelo MEC, ficaria encarregada de estabelecer crit\u00e9rios m\u00ednimos de estrutura para cursos de Medicina que j\u00e1 est\u00e3o abertos.<\/p>\n<p>\u201cO mais importante \u00e9 garantir a qualidade dos cursos e a certeza de que o m\u00e9dico saia da faculdade apto a fazer atendimento adequado do paciente\u201d, disse o presidente da Associa\u00e7\u00e3o Brasileira de Educa\u00e7\u00e3o M\u00e9dica, Sigsifredo Brenelli.<\/p>\n<p>Esse \u00e9 um pedido antigo de associa\u00e7\u00f5es de entidades m\u00e9dicas. Ela viria como uma esp\u00e9cie de a\u00e7\u00e3o combinada com a morat\u00f3ria. \u201cA suspens\u00e3o tem efeito para cursos futuros. A certifica\u00e7\u00e3o feita por essa comiss\u00e3o ajudaria a verificar a qualidade das escolas abertas durante os \u00faltimos anos\u201d, disse o presidente da Associa\u00e7\u00e3o M\u00e9dica Brasileira, Lincoln Lopes Ferreira. Embora esperada, nem Ferreira nem Brenelli tiveram a confirma\u00e7\u00e3o de que a comiss\u00e3o externa seria regulamentada. \u201cMas \u00e9 nossa expectativa\u201d, Ferreira.<\/p>\n<p>O presidente da AMB argumenta que algumas escolas n\u00e3o t\u00eam hospitais pr\u00f3prios. Nesses casos,\u00a0 alunos t\u00eam de acompanhar m\u00e9dicos de institui\u00e7\u00f5es ligadas ao curso. \u201cMas esses profissionais que est\u00e3o atendendo n\u00e3o s\u00e3o professores, n\u00e3o t\u00eam necessariamente forma\u00e7\u00e3o para ensinar\u201d, lembrou.<\/p>\n<p>Para Brenelli, a comiss\u00e3o externa n\u00e3o entraria em conflito com o Sistema Nacional de Avalia\u00e7\u00e3o da Educa\u00e7\u00e3o Superior (Sinaes) do MEC. \u201cTer\u00edamos um olhar diferenciado\u201d, disse. \u201cQuais seriam as diretrizes curriculares, o n\u00famero de professores, os servi\u00e7os de apoio\u201d, disse<\/p>\n","protected":false},"excerpt":{"rendered":"<p>fonte: Estad\u00e3o O ministro da Educa\u00e7\u00e3o, Mendon\u00e7a Filho, anunciou na quinta-feira, 5, a publica\u00e7\u00e3o de um decreto que suspende por cinco anos a cria\u00e7\u00e3o de cursos de medicina no Pa\u00eds. A medida ocorre dias antes de o ministro deixar o cargo e quatro meses depois do previsto. Em novembro, quando a\u00a0decis\u00e3o\u00a0 foi comunicada, a expectativa [&hellip;]<\/p>\n","protected":false},"author":1,"featured_media":0,"comment_status":"closed","ping_status":"open","sticky":false,"template":"","format":"standard","meta":{"ngg_post_thumbnail":0,"footnotes":""},"categories":[2],"tags":[],"class_list":["post-4979","post","type-post","status-publish","format-standard","hentry","category-noticias"],"aioseo_notices":[],"gutentor_comment":0,"_links":{"self":[{"href":"https:\/\/sobedrj.com.br\/novo\/wp-json\/wp\/v2\/posts\/4979","targetHints":{"allow":["GET"]}}],"collection":[{"href":"https:\/\/sobedrj.com.br\/novo\/wp-json\/wp\/v2\/posts"}],"about":[{"href":"https:\/\/sobedrj.com.br\/novo\/wp-json\/wp\/v2\/types\/post"}],"author":[{"embeddable":true,"href":"https:\/\/sobedrj.com.br\/novo\/wp-json\/wp\/v2\/users\/1"}],"replies":[{"embeddable":true,"href":"https:\/\/sobedrj.com.br\/novo\/wp-json\/wp\/v2\/comments?post=4979"}],"version-history":[{"count":2,"href":"https:\/\/sobedrj.com.br\/novo\/wp-json\/wp\/v2\/posts\/4979\/revisions"}],"predecessor-version":[{"id":4992,"href":"https:\/\/sobedrj.com.br\/novo\/wp-json\/wp\/v2\/posts\/4979\/revisions\/4992"}],"wp:attachment":[{"href":"https:\/\/sobedrj.com.br\/novo\/wp-json\/wp\/v2\/media?parent=4979"}],"wp:term":[{"taxonomy":"category","embeddable":true,"href":"https:\/\/sobedrj.com.br\/novo\/wp-json\/wp\/v2\/categories?post=4979"},{"taxonomy":"post_tag","embeddable":true,"href":"https:\/\/sobedrj.com.br\/novo\/wp-json\/wp\/v2\/tags?post=4979"}],"curies":[{"name":"wp","href":"https:\/\/api.w.org\/{rel}","templated":true}]}}