{"id":4997,"date":"2018-04-12T11:21:16","date_gmt":"2018-04-12T11:21:16","guid":{"rendered":"http:\/\/sobedrj.com.br\/novo\/?p=4997"},"modified":"2018-04-13T09:38:33","modified_gmt":"2018-04-13T09:38:33","slug":"1o-forum-brasil-tem-apresentacao-de-proposta-de-novo-sistema-nacional-de-saude-atendendo-50-da-populacao","status":"publish","type":"post","link":"https:\/\/sobedrj.com.br\/novo\/2018\/04\/12\/1o-forum-brasil-tem-apresentacao-de-proposta-de-novo-sistema-nacional-de-saude-atendendo-50-da-populacao\/","title":{"rendered":"1\u00ba F\u00f3rum Brasil tem apresenta\u00e7\u00e3o de proposta de &#8220;Novo Sistema Nacional de Sa\u00fade&#8221; atendendo 50% da popula\u00e7\u00e3o"},"content":{"rendered":"<p>O 1\u00ba F\u00f3rum Brasil &#8211; Agenda Sa\u00fade: a ousadia de propor um Novo Sistema de Sa\u00fade, organizado pela Federa\u00e7\u00e3o Brasileira de Planos de Sa\u00fade, com participa\u00e7\u00e3o do Minist\u00e9rio da Sa\u00fade, de deputados e senadores, ocorreu nesta ter\u00e7a-feira, dia 10, em Bras\u00edlia.<\/p>\n<p>No evento foi proposto um &#8220;Novo Sistema Nacional de Sa\u00fade&#8221;, que teria entre suas caracter\u00edsticas\u00a0a transfer\u00eancia de recursos do SUS para financiar a aten\u00e7\u00e3o de alta complexidade nos planos privados de sa\u00fade. A meta, segundo Alceni Guerra, ex-ministro da Sa\u00fade no governo Collor e ex-deputado federal pelo DEM, que fez a apresenta\u00e7\u00e3o, seria garantir que METADE DA POPULA\u00c7\u00c3O DEIXE DE SER SER ATENDIDA DE FORMA P\u00daBLICA, gratuita e universal e passe a ser atendida exclusivamente de forma privada.<\/p>\n<p>No f\u00f3rum ainda houve proposta para que um Conselho Nacional de Sa\u00fade Suplementar passe a ter o mesmo poder do atual Conselho Nacional de Sa\u00fade, enfraquecendo a participa\u00e7\u00e3o popular na formula\u00e7\u00e3o, acompanhamento e controle sobre a pol\u00edtica p\u00fablica.<\/p>\n<p><strong>REPERCUSS\u00c3O<\/strong><\/p>\n<p>Em nota oficial, o Centro Brasileiro de Estudos de Sa\u00fade (CEBES) afirmou que &#8220;Fazer um sistema de sa\u00fade a partir dos planos de sa\u00fade, como ocorre nos Estados Unidos, prejudica os mais pobres, que passam a morrer por n\u00e3o terem dinheiro para tratamento de sa\u00fade&#8221;.<\/p>\n<p><a href=\"http:\/\/cebes.org.br\/2018\/04\/nota-de-repudio-do-nucleo-cebes-df-contra-o-novo-sistema-nacional-de-saude\/\" target=\"_blank\" rel=\"noopener\">CONFIRA \u00cdNTEGRA DA NOTA OFICIAL DO CEBES<\/a><\/p>\n<p>O CREMERJ tamb\u00e9m criticou a proposta apoiando a nota oficial do CEBES.<\/p>\n<p><a href=\"https:\/\/www.cremerj.org.br\/informes\/exibe\/3880\" target=\"_blank\" rel=\"noopener\">CONFIRA NOTA DO CREMERJ<\/a><\/p>\n<p>&nbsp;<\/p>\n","protected":false},"excerpt":{"rendered":"<p>O 1\u00ba F\u00f3rum Brasil &#8211; Agenda Sa\u00fade: a ousadia de propor um Novo Sistema de Sa\u00fade, organizado pela Federa\u00e7\u00e3o Brasileira de Planos de Sa\u00fade, com participa\u00e7\u00e3o do Minist\u00e9rio da Sa\u00fade, de deputados e senadores, ocorreu nesta ter\u00e7a-feira, dia 10, em Bras\u00edlia. No evento foi proposto um &#8220;Novo Sistema Nacional de Sa\u00fade&#8221;, que teria entre suas [&hellip;]<\/p>\n","protected":false},"author":1,"featured_media":0,"comment_status":"closed","ping_status":"open","sticky":false,"template":"","format":"standard","meta":{"ngg_post_thumbnail":0,"footnotes":""},"categories":[2],"tags":[],"class_list":["post-4997","post","type-post","status-publish","format-standard","hentry","category-noticias"],"aioseo_notices":[],"gutentor_comment":0,"_links":{"self":[{"href":"https:\/\/sobedrj.com.br\/novo\/wp-json\/wp\/v2\/posts\/4997","targetHints":{"allow":["GET"]}}],"collection":[{"href":"https:\/\/sobedrj.com.br\/novo\/wp-json\/wp\/v2\/posts"}],"about":[{"href":"https:\/\/sobedrj.com.br\/novo\/wp-json\/wp\/v2\/types\/post"}],"author":[{"embeddable":true,"href":"https:\/\/sobedrj.com.br\/novo\/wp-json\/wp\/v2\/users\/1"}],"replies":[{"embeddable":true,"href":"https:\/\/sobedrj.com.br\/novo\/wp-json\/wp\/v2\/comments?post=4997"}],"version-history":[{"count":3,"href":"https:\/\/sobedrj.com.br\/novo\/wp-json\/wp\/v2\/posts\/4997\/revisions"}],"predecessor-version":[{"id":5004,"href":"https:\/\/sobedrj.com.br\/novo\/wp-json\/wp\/v2\/posts\/4997\/revisions\/5004"}],"wp:attachment":[{"href":"https:\/\/sobedrj.com.br\/novo\/wp-json\/wp\/v2\/media?parent=4997"}],"wp:term":[{"taxonomy":"category","embeddable":true,"href":"https:\/\/sobedrj.com.br\/novo\/wp-json\/wp\/v2\/categories?post=4997"},{"taxonomy":"post_tag","embeddable":true,"href":"https:\/\/sobedrj.com.br\/novo\/wp-json\/wp\/v2\/tags?post=4997"}],"curies":[{"name":"wp","href":"https:\/\/api.w.org\/{rel}","templated":true}]}}