{"id":5076,"date":"2018-04-16T11:56:33","date_gmt":"2018-04-16T11:56:33","guid":{"rendered":"http:\/\/sobedrj.com.br\/novo\/?p=5076"},"modified":"2018-04-17T10:28:03","modified_gmt":"2018-04-17T10:28:03","slug":"importancia-de-manter-sua-anuidade-sobed-em-dia","status":"publish","type":"post","link":"https:\/\/sobedrj.com.br\/novo\/2018\/04\/16\/importancia-de-manter-sua-anuidade-sobed-em-dia\/","title":{"rendered":"Import\u00e2ncia de manter sua anuidade SOBED em dia"},"content":{"rendered":"<p>fonte: SOBED<\/p>\n<p><b>A anuidade 2018, no valor de R$ 690,00 (seiscentos e noventa reais), vence em 30 de junho de 2018.<\/b><\/p>\n<p>Mantenha-se em dia com sua anuidade e usufrua de todos os benef\u00edcios de ser associado SOBED.<\/p>\n<p>Lembramos que, conforme estatuto social da SOBED, \u201c<i>Ser\u00e3o Associados\u00a0<b>Remidos<\/b>\u00a0os membros titulares e aspirantes que integram os quadros da SOBED e que possuam idade igual ou superior a 70 anos, desde que quites com suas contribui\u00e7\u00f5es nos \u00faltimos 05 anos\u201d.<\/i><\/p>\n<p>Para consulta de seu hist\u00f3rico de anuidades e emiss\u00e3o de\u00a0<b>recibo de quita\u00e7\u00e3o<\/b>, acesse sua \u00e1rea restrita no site da SOBED, atrav\u00e9s de seu login (e-mail cadastrado) e senha.<\/p>\n<p>Em caso de d\u00favida aguardamos seu contato no telefone 11-3148-8200 ou pelo e-mail\u00a0<a href=\"mailto:associados@sobed.org.br\">associados@sobed.org.br<\/a>.<\/p>\n<p><strong><a class=\"font-laranja bold\" href=\"http:\/\/sobedadm.org.br\/sga\/institucional\" target=\"_blank\" rel=\"noopener\">Clique aqui para acessar sua \u00e1rea restrita e mantenha-se em dia com sua anuidade.<\/a><\/strong><\/p>\n","protected":false},"excerpt":{"rendered":"<p>fonte: SOBED A anuidade 2018, no valor de R$ 690,00 (seiscentos e noventa reais), vence em 30 de junho de 2018. Mantenha-se em dia com sua anuidade e usufrua de todos os benef\u00edcios de ser associado SOBED. Lembramos que, conforme estatuto social da SOBED, \u201cSer\u00e3o Associados\u00a0Remidos\u00a0os membros titulares e aspirantes que integram os quadros da [&hellip;]<\/p>\n","protected":false},"author":1,"featured_media":0,"comment_status":"closed","ping_status":"open","sticky":false,"template":"","format":"standard","meta":{"ngg_post_thumbnail":0,"footnotes":""},"categories":[2],"tags":[],"class_list":["post-5076","post","type-post","status-publish","format-standard","hentry","category-noticias"],"aioseo_notices":[],"gutentor_comment":0,"_links":{"self":[{"href":"https:\/\/sobedrj.com.br\/novo\/wp-json\/wp\/v2\/posts\/5076","targetHints":{"allow":["GET"]}}],"collection":[{"href":"https:\/\/sobedrj.com.br\/novo\/wp-json\/wp\/v2\/posts"}],"about":[{"href":"https:\/\/sobedrj.com.br\/novo\/wp-json\/wp\/v2\/types\/post"}],"author":[{"embeddable":true,"href":"https:\/\/sobedrj.com.br\/novo\/wp-json\/wp\/v2\/users\/1"}],"replies":[{"embeddable":true,"href":"https:\/\/sobedrj.com.br\/novo\/wp-json\/wp\/v2\/comments?post=5076"}],"version-history":[{"count":1,"href":"https:\/\/sobedrj.com.br\/novo\/wp-json\/wp\/v2\/posts\/5076\/revisions"}],"predecessor-version":[{"id":5077,"href":"https:\/\/sobedrj.com.br\/novo\/wp-json\/wp\/v2\/posts\/5076\/revisions\/5077"}],"wp:attachment":[{"href":"https:\/\/sobedrj.com.br\/novo\/wp-json\/wp\/v2\/media?parent=5076"}],"wp:term":[{"taxonomy":"category","embeddable":true,"href":"https:\/\/sobedrj.com.br\/novo\/wp-json\/wp\/v2\/categories?post=5076"},{"taxonomy":"post_tag","embeddable":true,"href":"https:\/\/sobedrj.com.br\/novo\/wp-json\/wp\/v2\/tags?post=5076"}],"curies":[{"name":"wp","href":"https:\/\/api.w.org\/{rel}","templated":true}]}}