{"id":5142,"date":"2018-05-02T16:35:00","date_gmt":"2018-05-02T16:35:00","guid":{"rendered":"http:\/\/sobedrj.com.br\/novo\/?p=5142"},"modified":"2018-05-30T10:04:50","modified_gmt":"2018-05-30T10:04:50","slug":"edital-de-convocacao-para-eleicoes-da-sobed-rj","status":"publish","type":"post","link":"https:\/\/sobedrj.com.br\/novo\/2018\/05\/02\/edital-de-convocacao-para-eleicoes-da-sobed-rj\/","title":{"rendered":"Edital de convoca\u00e7\u00e3o para elei\u00e7\u00f5es da SOBED-RJ"},"content":{"rendered":"<p style=\"text-align: center;\"><img loading=\"lazy\" decoding=\"async\" class=\"aligncenter size-full wp-image-5143\" src=\"http:\/\/sobedrj.com.br\/novo\/wp-content\/uploads\/2018\/05\/edital_ago_2018.jpg\" alt=\"\" width=\"1200\" height=\"1515\" srcset=\"https:\/\/sobedrj.com.br\/novo\/wp-content\/uploads\/2018\/05\/edital_ago_2018.jpg 1200w, https:\/\/sobedrj.com.br\/novo\/wp-content\/uploads\/2018\/05\/edital_ago_2018-238x300.jpg 238w, https:\/\/sobedrj.com.br\/novo\/wp-content\/uploads\/2018\/05\/edital_ago_2018-768x970.jpg 768w, https:\/\/sobedrj.com.br\/novo\/wp-content\/uploads\/2018\/05\/edital_ago_2018-811x1024.jpg 811w, https:\/\/sobedrj.com.br\/novo\/wp-content\/uploads\/2018\/05\/edital_ago_2018-600x758.jpg 600w\" sizes=\"auto, (max-width: 1200px) 100vw, 1200px\" \/><\/p>\n","protected":false},"excerpt":{"rendered":"","protected":false},"author":1,"featured_media":4423,"comment_status":"closed","ping_status":"open","sticky":false,"template":"","format":"standard","meta":{"ngg_post_thumbnail":0,"footnotes":""},"categories":[2],"tags":[],"class_list":["post-5142","post","type-post","status-publish","format-standard","has-post-thumbnail","hentry","category-noticias"],"aioseo_notices":[],"gutentor_comment":0,"_links":{"self":[{"href":"https:\/\/sobedrj.com.br\/novo\/wp-json\/wp\/v2\/posts\/5142","targetHints":{"allow":["GET"]}}],"collection":[{"href":"https:\/\/sobedrj.com.br\/novo\/wp-json\/wp\/v2\/posts"}],"about":[{"href":"https:\/\/sobedrj.com.br\/novo\/wp-json\/wp\/v2\/types\/post"}],"author":[{"embeddable":true,"href":"https:\/\/sobedrj.com.br\/novo\/wp-json\/wp\/v2\/users\/1"}],"replies":[{"embeddable":true,"href":"https:\/\/sobedrj.com.br\/novo\/wp-json\/wp\/v2\/comments?post=5142"}],"version-history":[{"count":1,"href":"https:\/\/sobedrj.com.br\/novo\/wp-json\/wp\/v2\/posts\/5142\/revisions"}],"predecessor-version":[{"id":5144,"href":"https:\/\/sobedrj.com.br\/novo\/wp-json\/wp\/v2\/posts\/5142\/revisions\/5144"}],"wp:featuredmedia":[{"embeddable":true,"href":"https:\/\/sobedrj.com.br\/novo\/wp-json\/wp\/v2\/media\/4423"}],"wp:attachment":[{"href":"https:\/\/sobedrj.com.br\/novo\/wp-json\/wp\/v2\/media?parent=5142"}],"wp:term":[{"taxonomy":"category","embeddable":true,"href":"https:\/\/sobedrj.com.br\/novo\/wp-json\/wp\/v2\/categories?post=5142"},{"taxonomy":"post_tag","embeddable":true,"href":"https:\/\/sobedrj.com.br\/novo\/wp-json\/wp\/v2\/tags?post=5142"}],"curies":[{"name":"wp","href":"https:\/\/api.w.org\/{rel}","templated":true}]}}