{"id":5185,"date":"2018-05-14T13:09:44","date_gmt":"2018-05-14T13:09:44","guid":{"rendered":"http:\/\/sobedrj.com.br\/novo\/?p=5185"},"modified":"2018-05-14T15:48:23","modified_gmt":"2018-05-14T15:48:23","slug":"conselho-de-administracao-derruba-diretor-executivo-da-geap","status":"publish","type":"post","link":"https:\/\/sobedrj.com.br\/novo\/2018\/05\/14\/conselho-de-administracao-derruba-diretor-executivo-da-geap\/","title":{"rendered":"Conselho de Administra\u00e7\u00e3o derruba diretor executivo da Geap"},"content":{"rendered":"<p>fonte: Correio Braziliense \/ Blog do Vicente<\/p>\n<p>Em decis\u00e3o monocr\u00e1tica, o presidente-substituto do conselho de administra\u00e7\u00e3o da Geap Sa\u00fade, Manoel Messias Boaventura de Novais, encaminhou ontem of\u00edcio \u00e0 ger\u00eancia de Gest\u00e3o de Pessoas determinando a demiss\u00e3o do diretor executivo da Geap Sa\u00fade, Roberto Sergio Fontenele Candido.<\/p>\n<p>Segundo\u00a0Boaventura, a postura demonstrada por Fontenele n\u00e3o condiz com a pol\u00edtica de governan\u00e7a da Geap. Ele ainda detalhou que o executivo n\u00e3o apresentou resposta plaus\u00edvel de retrata\u00e7\u00e3o aos profissionais parceiros do plano de sa\u00fade, conforme solicitado pelo conselho, conforme estava alinhado com o colegiado.<\/p>\n<p>Para piorar a situa\u00e7\u00e3o, em ficha de avalia\u00e7\u00e3o preenchida, Boaventura classificou como \u201cabaixo do esperado\u201d o desempenho de Fontenele na maioria dos sete componentes analisados. O documento foi assinado de pr\u00f3prio punho pelo presidente do conselho de administra\u00e7\u00e3o da Geap em 8 de maio.<\/p>\n<p>Menos de 45 dias ap\u00f3s assumir o posto, Fontenele deixa o cargo ap\u00f3s ser gravado em uma reuni\u00e3o com parte da equipe em que afirma de m\u00e9dicos e hospitais roubam os planos de sa\u00fade. As declara\u00e7\u00f5es reveladas com exclusividade pelo\u00a0<strong>Blog\u00a0<\/strong>tornaram insustent\u00e1veis a perman\u00eancia do executivo a frente do plano de sa\u00fade dos servidores p\u00fablicos.<\/p>\n<p>Apesar disso, quem conhece de perto a Geap afirmou que o processo de demiss\u00e3o \u00e9 nulo, j\u00e1 que o conselho de administra\u00e7\u00e3o n\u00e3o se reuniu e, por meio de uma resolu\u00e7\u00e3o, definiu o afastamento do executivo. Tamanha \u00e9 a confus\u00e3o que Fontenele se recusou a assinar a Recis\u00e3o Antecipada de Contrato de Experi\u00eancia em 8 de maio.<\/p>\n<p>A rescis\u00e3o\u00a0foi assinada pelo coordenador de Obriga\u00e7\u00f5es Trabalhistas da Geap, Daniel Leonardo da Rocha Mendes, e outras duas testemunhas. Vale lembrar que a Geap \u00e9 um reduto do Partido Progressista (PP) e sofre forte influ\u00eancia da\u00a0Associa\u00e7\u00e3o Nacional dos Servidores P\u00fablicos, da Previd\u00eancia e da Seguridade Social (Anasps), que det\u00e9m assentos no conselho de administra\u00e7\u00e3o da operadora.<\/p>\n","protected":false},"excerpt":{"rendered":"<p>fonte: Correio Braziliense \/ Blog do Vicente Em decis\u00e3o monocr\u00e1tica, o presidente-substituto do conselho de administra\u00e7\u00e3o da Geap Sa\u00fade, Manoel Messias Boaventura de Novais, encaminhou ontem of\u00edcio \u00e0 ger\u00eancia de Gest\u00e3o de Pessoas determinando a demiss\u00e3o do diretor executivo da Geap Sa\u00fade, Roberto Sergio Fontenele Candido. Segundo\u00a0Boaventura, a postura demonstrada por Fontenele n\u00e3o condiz com [&hellip;]<\/p>\n","protected":false},"author":1,"featured_media":5094,"comment_status":"closed","ping_status":"open","sticky":false,"template":"","format":"standard","meta":{"ngg_post_thumbnail":0,"footnotes":""},"categories":[2],"tags":[],"class_list":["post-5185","post","type-post","status-publish","format-standard","has-post-thumbnail","hentry","category-noticias"],"aioseo_notices":[],"gutentor_comment":0,"_links":{"self":[{"href":"https:\/\/sobedrj.com.br\/novo\/wp-json\/wp\/v2\/posts\/5185","targetHints":{"allow":["GET"]}}],"collection":[{"href":"https:\/\/sobedrj.com.br\/novo\/wp-json\/wp\/v2\/posts"}],"about":[{"href":"https:\/\/sobedrj.com.br\/novo\/wp-json\/wp\/v2\/types\/post"}],"author":[{"embeddable":true,"href":"https:\/\/sobedrj.com.br\/novo\/wp-json\/wp\/v2\/users\/1"}],"replies":[{"embeddable":true,"href":"https:\/\/sobedrj.com.br\/novo\/wp-json\/wp\/v2\/comments?post=5185"}],"version-history":[{"count":1,"href":"https:\/\/sobedrj.com.br\/novo\/wp-json\/wp\/v2\/posts\/5185\/revisions"}],"predecessor-version":[{"id":5186,"href":"https:\/\/sobedrj.com.br\/novo\/wp-json\/wp\/v2\/posts\/5185\/revisions\/5186"}],"wp:featuredmedia":[{"embeddable":true,"href":"https:\/\/sobedrj.com.br\/novo\/wp-json\/wp\/v2\/media\/5094"}],"wp:attachment":[{"href":"https:\/\/sobedrj.com.br\/novo\/wp-json\/wp\/v2\/media?parent=5185"}],"wp:term":[{"taxonomy":"category","embeddable":true,"href":"https:\/\/sobedrj.com.br\/novo\/wp-json\/wp\/v2\/categories?post=5185"},{"taxonomy":"post_tag","embeddable":true,"href":"https:\/\/sobedrj.com.br\/novo\/wp-json\/wp\/v2\/tags?post=5185"}],"curies":[{"name":"wp","href":"https:\/\/api.w.org\/{rel}","templated":true}]}}