{"id":5193,"date":"2018-05-14T16:10:15","date_gmt":"2018-05-14T16:10:15","guid":{"rendered":"http:\/\/sobedrj.com.br\/novo\/?p=5193"},"modified":"2018-05-14T16:10:15","modified_gmt":"2018-05-14T16:10:15","slug":"entidades-de-saude-e-de-defesa-do-consumidor-divulgam-documento-contra-proposta-da-ans","status":"publish","type":"post","link":"https:\/\/sobedrj.com.br\/novo\/2018\/05\/14\/entidades-de-saude-e-de-defesa-do-consumidor-divulgam-documento-contra-proposta-da-ans\/","title":{"rendered":"Entidades de sa\u00fade e de defesa do consumidor divulgam documento contra proposta da ANS"},"content":{"rendered":"<p>Entidades de sa\u00fade e de defesa do consumidor divulgaram, no final da semana passada, carta demonstrando preocupa\u00e7\u00e3o com a proposta da ANS para revis\u00e3o de regras hoje vigentes para franquia e coparticipa\u00e7\u00e3o em planos de sa\u00fade.<\/p>\n<p><a href=\"http:\/\/sobedrj.com.br\/novo\/wp-content\/uploads\/2018\/05\/carta_idec.pdf\" target=\"_blank\" rel=\"noopener\">CONFIRA A \u00cdNTEGRA DO DOCUMENTO<\/a><\/p>\n","protected":false},"excerpt":{"rendered":"<p>Entidades de sa\u00fade e de defesa do consumidor divulgaram, no final da semana passada, carta demonstrando preocupa\u00e7\u00e3o com a proposta da ANS para revis\u00e3o de regras hoje vigentes para franquia e coparticipa\u00e7\u00e3o em planos de sa\u00fade. CONFIRA A \u00cdNTEGRA DO DOCUMENTO<\/p>\n","protected":false},"author":1,"featured_media":5195,"comment_status":"closed","ping_status":"open","sticky":false,"template":"","format":"standard","meta":{"ngg_post_thumbnail":0,"footnotes":""},"categories":[2],"tags":[],"class_list":["post-5193","post","type-post","status-publish","format-standard","has-post-thumbnail","hentry","category-noticias"],"aioseo_notices":[],"gutentor_comment":0,"_links":{"self":[{"href":"https:\/\/sobedrj.com.br\/novo\/wp-json\/wp\/v2\/posts\/5193","targetHints":{"allow":["GET"]}}],"collection":[{"href":"https:\/\/sobedrj.com.br\/novo\/wp-json\/wp\/v2\/posts"}],"about":[{"href":"https:\/\/sobedrj.com.br\/novo\/wp-json\/wp\/v2\/types\/post"}],"author":[{"embeddable":true,"href":"https:\/\/sobedrj.com.br\/novo\/wp-json\/wp\/v2\/users\/1"}],"replies":[{"embeddable":true,"href":"https:\/\/sobedrj.com.br\/novo\/wp-json\/wp\/v2\/comments?post=5193"}],"version-history":[{"count":1,"href":"https:\/\/sobedrj.com.br\/novo\/wp-json\/wp\/v2\/posts\/5193\/revisions"}],"predecessor-version":[{"id":5196,"href":"https:\/\/sobedrj.com.br\/novo\/wp-json\/wp\/v2\/posts\/5193\/revisions\/5196"}],"wp:featuredmedia":[{"embeddable":true,"href":"https:\/\/sobedrj.com.br\/novo\/wp-json\/wp\/v2\/media\/5195"}],"wp:attachment":[{"href":"https:\/\/sobedrj.com.br\/novo\/wp-json\/wp\/v2\/media?parent=5193"}],"wp:term":[{"taxonomy":"category","embeddable":true,"href":"https:\/\/sobedrj.com.br\/novo\/wp-json\/wp\/v2\/categories?post=5193"},{"taxonomy":"post_tag","embeddable":true,"href":"https:\/\/sobedrj.com.br\/novo\/wp-json\/wp\/v2\/tags?post=5193"}],"curies":[{"name":"wp","href":"https:\/\/api.w.org\/{rel}","templated":true}]}}