{"id":5260,"date":"2018-05-30T10:03:32","date_gmt":"2018-05-30T10:03:32","guid":{"rendered":"http:\/\/sobedrj.com.br\/novo\/?p=5260"},"modified":"2018-05-30T10:03:32","modified_gmt":"2018-05-30T10:03:32","slug":"passageiros-da-saude","status":"publish","type":"post","link":"https:\/\/sobedrj.com.br\/novo\/2018\/05\/30\/passageiros-da-saude\/","title":{"rendered":"Passageiros da sa\u00fade"},"content":{"rendered":"<p>fonte: O Globo<\/p>\n<p>por\u00a0<em>Alfredo Guarischi, m\u00e9dico<\/em><\/p>\n<p>O impacto ocasionado pela greve dos caminhoneiros, em protesto pelos impostos injustos e pela explora\u00e7\u00e3o direta ou indireta de empres\u00e1rios oportunistas, legisladores inescrupulosos e governantes lenientes, perde sua legitimidade quando passa a punir a sociedade. Esse fato \u00e9 semelhante ao que ocorre, de forma cr\u00f4nica, com a sa\u00fade no Brasil.<\/p>\n<p>Conheci 32 ministros desde que cheguei \u00e0 Faculdade Nacional de Medicina, na Praia Vermelha. De todos eles, apenas cinco ficaram mais de tr\u00eas anos no cargo, o que significou para os demais uma m\u00e9dia de 16 meses no posto. O troca-troca ministerial decorrente de \u201cneg\u00f3cios\u201d partid\u00e1rios contribuiu para decis\u00f5es oportunistas e para a falta de uma pol\u00edtica de Estado.<\/p>\n<p>Nesses 49 anos, nenhum dos candidatos que pleitearam a Presid\u00eancia da Rep\u00fablica anunciou em sua campanha eleitoral o nome do seu futuro Ministro da Sa\u00fade. Curiosamente, n\u00e3o foi efetivado no comando da pasta qualquer funcion\u00e1rio de carreira, pois o cargo \u00e9 cobi\u00e7ado ardorosamente pelos partidos pol\u00edticos, n\u00e3o para aplicar propostas inovadores e efetivas, mas pelo tanto que o maior or\u00e7amento do Planalto pode servir \u00e0 bancada.<\/p>\n<p>Vale lembrar que diversos \u00f3rg\u00e3os e diretorias do Minist\u00e9rio da Sa\u00fade t\u00eam sido frequentemente alvos de processos por corrup\u00e7\u00e3o. O mesmo se repete em v\u00e1rias secretarias estaduais e municipais de sa\u00fade. No entanto, tivemos ministros e secret\u00e1rios honrados que, entre outras medidas, consolidaram os vitoriosos e mundialmente reconhecidos programas nacionais de vacina\u00e7\u00e3o, de transplante de \u00f3rg\u00e3os e de hemoterapia, gra\u00e7as ao apoio que deram ao Sistema \u00danico de Sa\u00fade (SUS), criado em 1988.<\/p>\n<p>No entanto, o sistema n\u00e3o \u00e9 e nunca foi \u00fanico. Deveria ser chamado de Sistema P\u00fablico de Sa\u00fade, diferente do atual Sistema Pol\u00edtico de Sa\u00fade, consequ\u00eancia do aparelhamento partid\u00e1rio. A Ag\u00eancia Nacional de Sa\u00fade Suplementar (ANS), que deveria regular o sistema privado, \u00e9 outro desastre, ao desprezar os direitos dos pacientes. Os planos de sa\u00fade suplementares \u201cbaratinhos\u201d, que gastam fortunas em propaganda, podem levar o paciente a atoleiros de coberturas ilus\u00f3rias, e mesmo assim s\u00e3o um sonho para a popula\u00e7\u00e3o, devido \u00e0 progressiva e orquestrada desconstru\u00e7\u00e3o do SUS.<\/p>\n<p>Como ocorreu com o sistema de transportes de cargas, com sua irrespons\u00e1vel e hegem\u00f4nica op\u00e7\u00e3o rodovi\u00e1ria, desconhecendo a import\u00e2ncia das ferrovias e hidrovias, h\u00e1 uma alian\u00e7a perversa conspirando contra o que resta de nosso sistema de sa\u00fade, no qual dogmas ideol\u00f3gicos arcaicos, omiss\u00f5es e corrup\u00e7\u00f5es \u2014 cr\u00f4nicas e degenerativas \u2014 deixam brasileiros comuns no meio do caminho, sem ter para onde ir, &#8220;engarrafados&#8221; e desassistidos.<\/p>\n<p>Aqui, onde sobram leis e falta justi\u00e7a, o constante desrespeito \u00e0 Constitui\u00e7\u00e3o \u2014 sa\u00fade, por exemplo, \u00e9 um direito de todos \u2014 est\u00e1 obstruindo ainda mais o acesso dos passageiros da sa\u00fade. Falta combust\u00edvel governamental, o compromisso republicano.<\/p>\n","protected":false},"excerpt":{"rendered":"<p>fonte: O Globo por\u00a0Alfredo Guarischi, m\u00e9dico O impacto ocasionado pela greve dos caminhoneiros, em protesto pelos impostos injustos e pela explora\u00e7\u00e3o direta ou indireta de empres\u00e1rios oportunistas, legisladores inescrupulosos e governantes lenientes, perde sua legitimidade quando passa a punir a sociedade. Esse fato \u00e9 semelhante ao que ocorre, de forma cr\u00f4nica, com a sa\u00fade no [&hellip;]<\/p>\n","protected":false},"author":1,"featured_media":0,"comment_status":"closed","ping_status":"open","sticky":false,"template":"","format":"standard","meta":{"ngg_post_thumbnail":0,"footnotes":""},"categories":[4],"tags":[],"class_list":["post-5260","post","type-post","status-publish","format-standard","hentry","category-artigos_cientificos"],"aioseo_notices":[],"gutentor_comment":0,"_links":{"self":[{"href":"https:\/\/sobedrj.com.br\/novo\/wp-json\/wp\/v2\/posts\/5260","targetHints":{"allow":["GET"]}}],"collection":[{"href":"https:\/\/sobedrj.com.br\/novo\/wp-json\/wp\/v2\/posts"}],"about":[{"href":"https:\/\/sobedrj.com.br\/novo\/wp-json\/wp\/v2\/types\/post"}],"author":[{"embeddable":true,"href":"https:\/\/sobedrj.com.br\/novo\/wp-json\/wp\/v2\/users\/1"}],"replies":[{"embeddable":true,"href":"https:\/\/sobedrj.com.br\/novo\/wp-json\/wp\/v2\/comments?post=5260"}],"version-history":[{"count":1,"href":"https:\/\/sobedrj.com.br\/novo\/wp-json\/wp\/v2\/posts\/5260\/revisions"}],"predecessor-version":[{"id":5262,"href":"https:\/\/sobedrj.com.br\/novo\/wp-json\/wp\/v2\/posts\/5260\/revisions\/5262"}],"wp:attachment":[{"href":"https:\/\/sobedrj.com.br\/novo\/wp-json\/wp\/v2\/media?parent=5260"}],"wp:term":[{"taxonomy":"category","embeddable":true,"href":"https:\/\/sobedrj.com.br\/novo\/wp-json\/wp\/v2\/categories?post=5260"},{"taxonomy":"post_tag","embeddable":true,"href":"https:\/\/sobedrj.com.br\/novo\/wp-json\/wp\/v2\/tags?post=5260"}],"curies":[{"name":"wp","href":"https:\/\/api.w.org\/{rel}","templated":true}]}}