{"id":5263,"date":"2018-06-01T05:15:10","date_gmt":"2018-06-01T05:15:10","guid":{"rendered":"http:\/\/sobedrj.com.br\/novo\/?p=5263"},"modified":"2018-06-04T13:15:02","modified_gmt":"2018-06-04T13:15:02","slug":"oficina-de-acessos-enterais-e-eleicoes-da-sobed-rj-no-dia-9-tem-mudanca-de-horario-confira-a-alteracao","status":"publish","type":"post","link":"https:\/\/sobedrj.com.br\/novo\/2018\/06\/01\/oficina-de-acessos-enterais-e-eleicoes-da-sobed-rj-no-dia-9-tem-mudanca-de-horario-confira-a-alteracao\/","title":{"rendered":"Oficina de acessos enterais e elei\u00e7\u00e3o da SOBED-RJ no dia 9 t\u00eam mudan\u00e7a de hor\u00e1rio. Confira a altera\u00e7\u00e3o!"},"content":{"rendered":"<p>A SOBED-RJ informa a seus associados que, devido a motivos operacionais do hospital Samaritano, a Oficina de acessos enterais n\u00e3o ocorrer\u00e1 mais na parte da manh\u00e3 do dia 9 de junho, s\u00e1bado. O evento ser\u00e1 realizado das 13h \u00e0s 16h05. Antes, das 12h30 \u00e0s 13h, ser\u00e1 realizada Assembleia Geral Ordin\u00e1ria da SOBED-RJ para elei\u00e7\u00e3o de nova diretoria.<\/p>\n<p>A oficina, cuja coordena\u00e7\u00e3o \u00e9 do Dr. Gustavo Mello (INCA), ser\u00e1 realizada no audit\u00f3rio do Centro de estudos do Hospital Samaritano, em Botafogo.<\/p>\n<p><strong>CONFIRA A PROGRAMA\u00c7\u00c3O<\/strong><\/p>\n<p>13h \u00e0s 13h10\u00a0<strong>ABERTURA<\/strong><\/p>\n<p><em>Dra. Elizabeth Castro (Presidente SOBED-RJ)<\/em><\/p>\n<p>13h10 \u00e0s 14h10<strong>\u00a0MESA REDONDA &#8211; Qual Gastrostomia?\u00a0<\/strong><\/p>\n<p><em>Moderador: Dr. Djalma Coelho<\/em><\/p>\n<p>13h10 \u00e0s 13h25<strong>\u00a0Gastrostomia Endosc\u00f3pica Percut\u00e2nea (GEP)<\/strong><\/p>\n<p><em>Dra. Mariceli Costa (HFI)<\/em><\/p>\n<p>13h25 \u00e0s 13h40\u00a0<strong>Gastrostomia Radiol\u00f3gica Percut\u00e2nea (GRP)<\/strong><\/p>\n<p><em>Dr. Hugo Gouveia (INCA)<\/em><\/p>\n<p>13h40 \u00e0s 13h55\u00a0<strong>Gastrostomia Cir\u00fargica<\/strong><\/p>\n<p><em>Dr. Armando Porto Carrero (UFF, Hospital Samaritano)<\/em><\/p>\n<p>13h55 \u00e0s 14h10\u00a0<strong>Discuss\u00e3o<\/strong><\/p>\n<p>14h10 \u00e0s 14h20<strong>\u00a0Intervalo<\/strong><\/p>\n<p>14h20 \u00e0s 15h05<strong>\u00a0PAINEL &#8211; Acessos Enterais Endosc\u00f3picos &#8211; Grandes quest\u00f5es:<\/strong><\/p>\n<p><em>Moderador: Dr. Djalma Coelho<\/em><\/p>\n<p>14h20 \u00e0s 14h35\u00a0<strong>D-JEP x J-PEG<\/strong><\/p>\n<p><em>Dr. Alexandre Pelosi (INCA)<\/em><\/p>\n<p>14h35 \u00e0s 14h50\u00a0<strong>T\u00e9cnica de Tra\u00e7\u00e3o x T\u00e9cnica de Introdu\u00e7\u00e3o<\/strong><\/p>\n<p><em>Dr. Gustavo Mello (INCA, INTO, Hospital Samaritano)<\/em><\/p>\n<p>14h50 \u00e0s 15h05\u00a0<strong>Discuss\u00e3o<\/strong><\/p>\n<p>15h05 \u00e0s 15h15<strong> Intervalo<\/strong><\/p>\n<p>15h15 \u00e0s 16h\u00a0<strong>PAINEL &#8211; Considera\u00e7\u00f5es Especiais:<\/strong><\/p>\n<p><em>Moderadora:\u00a0Dra. Elizabeth Cardoso de Castro<\/em><\/p>\n<p>15h15 \u00e0s 15h30\u00a0<strong>GEP em Pediatria<\/strong><\/p>\n<p><em>Dra. Paula Peruzzi Elia (IFF)<\/em><\/p>\n<p>15h30 \u00e0s 15h45\u00a0<strong>GEP &#8211; Um outro olhar (Indica\u00e7\u00f5es e Considera\u00e7\u00f5es<\/strong> <strong>\u00c9ticas)<\/strong><\/p>\n<p><em>Dr. Regis G\u00f3es (INTO, Hospital Samaritano)<\/em><\/p>\n<p>15h45 \u00e0s 16h <strong>Discuss\u00e3o<\/strong><\/p>\n<p>16h \u00e0s 16h05 Sorteio de 2 exemplares do livro \u201cGastrostomia Endosc\u00f3pica Percut\u00e2nea &#8211; T\u00e9cnicas e Aplica\u00e7\u00f5es\u201d (Ed. Rubio)<\/p>\n<p>16h05\u00a0<strong>ENCERRAMENTO<\/strong><\/p>\n<p><strong>SAIBA COMO CHEGAR<\/strong><\/p>\n<p>O audit\u00f3rio do centro de estudos do Hospital Samaritano fica na Rua Assun\u00e7\u00e3o, 286, em Botafogo. Ao lado h\u00e1 um estacionamento rotativo.<\/p>\n<p style=\"text-align: center;\"><iframe loading=\"lazy\" src=\"https:\/\/www.google.com\/maps\/embed?pb=!1m18!1m12!1m3!1d3674.1192310498573!2d-43.18907698562396!3d-22.945835645032904!2m3!1f0!2f0!3f0!3m2!1i1024!2i768!4f13.1!3m3!1m2!1s0x997fec2cbc4c1f%3A0xe93615a10e38b3aa!2sRua+Assun%C3%A7%C3%A3o%2C+286+-+Botafogo%2C+Rio+de+Janeiro+-+RJ%2C+22251-030!5e0!3m2!1spt-BR!2sbr!4v1517338137267\" width=\"600\" height=\"450\" frameborder=\"0\" allowfullscreen=\"allowfullscreen\" data-mce-fragment=\"1\"><\/iframe><\/p>\n","protected":false},"excerpt":{"rendered":"<p>A SOBED-RJ informa a seus associados que, devido a motivos operacionais do hospital Samaritano, a Oficina de acessos enterais n\u00e3o ocorrer\u00e1 mais na parte da manh\u00e3 do dia 9 de junho, s\u00e1bado. O evento ser\u00e1 realizado das 13h \u00e0s 16h05. Antes, das 12h30 \u00e0s 13h, ser\u00e1 realizada Assembleia Geral Ordin\u00e1ria da SOBED-RJ para elei\u00e7\u00e3o de [&hellip;]<\/p>\n","protected":false},"author":1,"featured_media":5264,"comment_status":"closed","ping_status":"open","sticky":false,"template":"","format":"standard","meta":{"ngg_post_thumbnail":0,"footnotes":""},"categories":[2],"tags":[],"class_list":["post-5263","post","type-post","status-publish","format-standard","has-post-thumbnail","hentry","category-noticias"],"aioseo_notices":[],"gutentor_comment":0,"_links":{"self":[{"href":"https:\/\/sobedrj.com.br\/novo\/wp-json\/wp\/v2\/posts\/5263","targetHints":{"allow":["GET"]}}],"collection":[{"href":"https:\/\/sobedrj.com.br\/novo\/wp-json\/wp\/v2\/posts"}],"about":[{"href":"https:\/\/sobedrj.com.br\/novo\/wp-json\/wp\/v2\/types\/post"}],"author":[{"embeddable":true,"href":"https:\/\/sobedrj.com.br\/novo\/wp-json\/wp\/v2\/users\/1"}],"replies":[{"embeddable":true,"href":"https:\/\/sobedrj.com.br\/novo\/wp-json\/wp\/v2\/comments?post=5263"}],"version-history":[{"count":3,"href":"https:\/\/sobedrj.com.br\/novo\/wp-json\/wp\/v2\/posts\/5263\/revisions"}],"predecessor-version":[{"id":5290,"href":"https:\/\/sobedrj.com.br\/novo\/wp-json\/wp\/v2\/posts\/5263\/revisions\/5290"}],"wp:featuredmedia":[{"embeddable":true,"href":"https:\/\/sobedrj.com.br\/novo\/wp-json\/wp\/v2\/media\/5264"}],"wp:attachment":[{"href":"https:\/\/sobedrj.com.br\/novo\/wp-json\/wp\/v2\/media?parent=5263"}],"wp:term":[{"taxonomy":"category","embeddable":true,"href":"https:\/\/sobedrj.com.br\/novo\/wp-json\/wp\/v2\/categories?post=5263"},{"taxonomy":"post_tag","embeddable":true,"href":"https:\/\/sobedrj.com.br\/novo\/wp-json\/wp\/v2\/tags?post=5263"}],"curies":[{"name":"wp","href":"https:\/\/api.w.org\/{rel}","templated":true}]}}