{"id":5292,"date":"2018-06-05T14:34:44","date_gmt":"2018-06-05T14:34:44","guid":{"rendered":"http:\/\/sobedrj.com.br\/novo\/?p=5292"},"modified":"2018-06-05T14:34:44","modified_gmt":"2018-06-05T14:34:44","slug":"presidente-do-cremesp-repudia-declaracoes-contra-honra-dos-medicos-feitas-pelo-ex-ministro-ciro-gomes","status":"publish","type":"post","link":"https:\/\/sobedrj.com.br\/novo\/2018\/06\/05\/presidente-do-cremesp-repudia-declaracoes-contra-honra-dos-medicos-feitas-pelo-ex-ministro-ciro-gomes\/","title":{"rendered":"Presidente do Cremesp repudia declara\u00e7\u00f5es contra honra dos m\u00e9dicos feitas pelo ex-ministro Ciro Gomes"},"content":{"rendered":"<p>fonte: CREMESP<\/p>\n<p>O presidente do Cremesp, Lav\u00ednio Nilton Camarim, manifesta sua indigna\u00e7\u00e3o com o posicionamento do ex-ministro, Ciro Gomes, em\u00a0<a href=\"https:\/\/www.youtube.com\/watch?v=dZNMf8A0kzs\" target=\"_blank\" rel=\"noopener\">v\u00eddeo<\/a>\u00a0que circula nas redes sociais sobre a categoria m\u00e9dica. Em publica\u00e7\u00e3o no YouTube \u00a0\u2014 \u201cCir\u00e3o da Massa\u201d, como se autodenomina \u2014, declara que \u201cos m\u00e9dicos s\u00e3o corporativistas, ganham R$ 3 mil por plant\u00e3o de 12 horas e t\u00eam remunera\u00e7\u00f5es exorbitantes\u201d, desmerecendo os profissionais. \u00a0Gomes chega a cometer a insensatez de afirmar que os m\u00e9dicos ganham mais que ju\u00edzes, quando os m\u00e9dicos ainda est\u00e3o lutando para ter um Plano de Carreira, como os magistrados.<\/p>\n<p>\u201c\u00c9 irrespons\u00e1vel tratar a Medicina desta maneira. Essas afirma\u00e7\u00f5es em nada levam \u00e0 melhoria da Sa\u00fade no Brasil e acirra os \u00e2nimos, colocando a popula\u00e7\u00e3o em risco e a classe m\u00e9dica, em xeque\u201d, afirma.<\/p>\n<p>Gomes \u00e9 reincidente em externar opini\u00f5es infelizes, inclusive contra categorias profissionais. Ele j\u00e1 afirmou que \u201cfuncion\u00e1rios p\u00fablicos respons\u00e1veis pela seguran\u00e7a da popula\u00e7\u00e3o s\u00e3o marginais fardados\u201d, \u00a0culpou a imprensa pela exacerba\u00e7\u00e3o moralista da sociedade, j\u00e1 xingou pacientes e amea\u00e7ou prender estudantes e manifestantes que protestavam contra suas ideias, de forte teor violento.<\/p>\n<p>O Cremesp, em seu papel de zelar pela \u00e9tica e defesa da sociedade e dos bons profissionais, exige retrata\u00e7\u00e3o do ex-ministro que, como pol\u00edtico, deveria voltar sua aten\u00e7\u00e3o \u00e0 luta pela qualidade da Sa\u00fade e condi\u00e7\u00f5es de vida da popula\u00e7\u00e3o brasileira.<\/p>\n<p>Lav\u00ednio Nilton Camarim<br \/>\nPresidente do Cremesp<\/p>\n","protected":false},"excerpt":{"rendered":"<p>fonte: CREMESP O presidente do Cremesp, Lav\u00ednio Nilton Camarim, manifesta sua indigna\u00e7\u00e3o com o posicionamento do ex-ministro, Ciro Gomes, em\u00a0v\u00eddeo\u00a0que circula nas redes sociais sobre a categoria m\u00e9dica. Em publica\u00e7\u00e3o no YouTube \u00a0\u2014 \u201cCir\u00e3o da Massa\u201d, como se autodenomina \u2014, declara que \u201cos m\u00e9dicos s\u00e3o corporativistas, ganham R$ 3 mil por plant\u00e3o de 12 horas [&hellip;]<\/p>\n","protected":false},"author":1,"featured_media":0,"comment_status":"closed","ping_status":"open","sticky":false,"template":"","format":"standard","meta":{"ngg_post_thumbnail":0,"footnotes":""},"categories":[2],"tags":[],"class_list":["post-5292","post","type-post","status-publish","format-standard","hentry","category-noticias"],"aioseo_notices":[],"gutentor_comment":0,"_links":{"self":[{"href":"https:\/\/sobedrj.com.br\/novo\/wp-json\/wp\/v2\/posts\/5292","targetHints":{"allow":["GET"]}}],"collection":[{"href":"https:\/\/sobedrj.com.br\/novo\/wp-json\/wp\/v2\/posts"}],"about":[{"href":"https:\/\/sobedrj.com.br\/novo\/wp-json\/wp\/v2\/types\/post"}],"author":[{"embeddable":true,"href":"https:\/\/sobedrj.com.br\/novo\/wp-json\/wp\/v2\/users\/1"}],"replies":[{"embeddable":true,"href":"https:\/\/sobedrj.com.br\/novo\/wp-json\/wp\/v2\/comments?post=5292"}],"version-history":[{"count":1,"href":"https:\/\/sobedrj.com.br\/novo\/wp-json\/wp\/v2\/posts\/5292\/revisions"}],"predecessor-version":[{"id":5294,"href":"https:\/\/sobedrj.com.br\/novo\/wp-json\/wp\/v2\/posts\/5292\/revisions\/5294"}],"wp:attachment":[{"href":"https:\/\/sobedrj.com.br\/novo\/wp-json\/wp\/v2\/media?parent=5292"}],"wp:term":[{"taxonomy":"category","embeddable":true,"href":"https:\/\/sobedrj.com.br\/novo\/wp-json\/wp\/v2\/categories?post=5292"},{"taxonomy":"post_tag","embeddable":true,"href":"https:\/\/sobedrj.com.br\/novo\/wp-json\/wp\/v2\/tags?post=5292"}],"curies":[{"name":"wp","href":"https:\/\/api.w.org\/{rel}","templated":true}]}}