{"id":5368,"date":"2018-06-11T16:00:10","date_gmt":"2018-06-11T16:00:10","guid":{"rendered":"http:\/\/sobedrj.com.br\/novo\/?p=5368"},"modified":"2018-06-11T18:43:52","modified_gmt":"2018-06-11T18:43:52","slug":"camara-dos-deputados-convida-medicos-para-audiencia-publica-que-ira-debater-a-remuneracao-de-procedimentos","status":"publish","type":"post","link":"https:\/\/sobedrj.com.br\/novo\/2018\/06\/11\/camara-dos-deputados-convida-medicos-para-audiencia-publica-que-ira-debater-a-remuneracao-de-procedimentos\/","title":{"rendered":"C\u00e2mara dos Deputados convida m\u00e9dicos para audi\u00eancia p\u00fablica que ir\u00e1 debater a remunera\u00e7\u00e3o de procedimentos"},"content":{"rendered":"<p>fonte: CREMESP<\/p>\n<p>A remunera\u00e7\u00e3o de procedimentos m\u00e9dicos por meio de &#8216;pacotes de consultas&#8217; ser\u00e1 pauta de Audi\u00eancia P\u00fablica na C\u00e2mara dos Deputados, na pr\u00f3xima ter\u00e7a-feira (12\/06), \u00e0s 13h, em Bras\u00edlia (DF). M\u00e9dicos est\u00e3o convidados a participar do evento, promovido pela Comiss\u00e3o de Seguridade Social e Fam\u00edlia e com iniciativa do deputado federal e m\u00e9dico, Hiran Gon\u00e7alves.<\/p>\n<p>A reuni\u00e3o tamb\u00e9m ser\u00e1 transmitida online neste link:\u00a0<a href=\"https:\/\/goo.gl\/zZArza\" target=\"_blank\" rel=\"noopener\">https:\/\/goo.gl\/zZArza<\/a>\u00a0e os internautas poder\u00e3o enviar perguntas aos palestrantes. Os interessados em comparecer \u00e0 audi\u00eancia devem confirmar presen\u00e7a pelo telefone (61) 3215-5274 ou enviar email para dep.hirangoncalves@camara.leg.br.<\/p>\n<p>Entre os palestrantes convidados, est\u00e3o Leandro Fonseca da Silva, diretor-presidente substituto da Ag\u00eancia Nacional de Sa\u00fade (ANS); Armando Crema, presidente da Sociedade Brasileira de Oftalmologia; Jos\u00e9 Augusto Alves Ottaiano, presidente do Conselho Brasileiro de Oftalmologia; Gabriel Portella, presidente da SulAm\u00e9rica; Solange Beatriz Palheiro Mendes, presidente da Federa\u00e7\u00e3o Nacional de Sa\u00fade Suplementar (FenaSa\u00fad); e Nelson Louzada, presidente da Federa\u00e7\u00e3o das Cooperativas Estaduais de Servi\u00e7os Administrativos em Oftalmologia (FeCOOESO).<\/p>\n","protected":false},"excerpt":{"rendered":"<p>fonte: CREMESP A remunera\u00e7\u00e3o de procedimentos m\u00e9dicos por meio de &#8216;pacotes de consultas&#8217; ser\u00e1 pauta de Audi\u00eancia P\u00fablica na C\u00e2mara dos Deputados, na pr\u00f3xima ter\u00e7a-feira (12\/06), \u00e0s 13h, em Bras\u00edlia (DF). M\u00e9dicos est\u00e3o convidados a participar do evento, promovido pela Comiss\u00e3o de Seguridade Social e Fam\u00edlia e com iniciativa do deputado federal e m\u00e9dico, Hiran [&hellip;]<\/p>\n","protected":false},"author":1,"featured_media":0,"comment_status":"closed","ping_status":"open","sticky":false,"template":"","format":"standard","meta":{"ngg_post_thumbnail":0,"footnotes":""},"categories":[2],"tags":[],"class_list":["post-5368","post","type-post","status-publish","format-standard","hentry","category-noticias"],"aioseo_notices":[],"gutentor_comment":0,"_links":{"self":[{"href":"https:\/\/sobedrj.com.br\/novo\/wp-json\/wp\/v2\/posts\/5368","targetHints":{"allow":["GET"]}}],"collection":[{"href":"https:\/\/sobedrj.com.br\/novo\/wp-json\/wp\/v2\/posts"}],"about":[{"href":"https:\/\/sobedrj.com.br\/novo\/wp-json\/wp\/v2\/types\/post"}],"author":[{"embeddable":true,"href":"https:\/\/sobedrj.com.br\/novo\/wp-json\/wp\/v2\/users\/1"}],"replies":[{"embeddable":true,"href":"https:\/\/sobedrj.com.br\/novo\/wp-json\/wp\/v2\/comments?post=5368"}],"version-history":[{"count":1,"href":"https:\/\/sobedrj.com.br\/novo\/wp-json\/wp\/v2\/posts\/5368\/revisions"}],"predecessor-version":[{"id":5369,"href":"https:\/\/sobedrj.com.br\/novo\/wp-json\/wp\/v2\/posts\/5368\/revisions\/5369"}],"wp:attachment":[{"href":"https:\/\/sobedrj.com.br\/novo\/wp-json\/wp\/v2\/media?parent=5368"}],"wp:term":[{"taxonomy":"category","embeddable":true,"href":"https:\/\/sobedrj.com.br\/novo\/wp-json\/wp\/v2\/categories?post=5368"},{"taxonomy":"post_tag","embeddable":true,"href":"https:\/\/sobedrj.com.br\/novo\/wp-json\/wp\/v2\/tags?post=5368"}],"curies":[{"name":"wp","href":"https:\/\/api.w.org\/{rel}","templated":true}]}}