{"id":5370,"date":"2018-06-11T16:03:42","date_gmt":"2018-06-11T16:03:42","guid":{"rendered":"http:\/\/sobedrj.com.br\/novo\/?p=5370"},"modified":"2018-06-11T18:43:44","modified_gmt":"2018-06-11T18:43:44","slug":"cremesp-critica-atitude-do-governo-de-retirar-recursos-da-saude-e-de-programas-sociais-para-aplacar-crise-dos-combustiveis","status":"publish","type":"post","link":"https:\/\/sobedrj.com.br\/novo\/2018\/06\/11\/cremesp-critica-atitude-do-governo-de-retirar-recursos-da-saude-e-de-programas-sociais-para-aplacar-crise-dos-combustiveis\/","title":{"rendered":"Cremesp critica atitude do governo de retirar recursos da Sa\u00fade e de Programas Sociais para aplacar crise dos combust\u00edveis"},"content":{"rendered":"<p>fonte: CREMESP<\/p>\n<p>O governo federal anunciou a retirada de recursos do Or\u00e7amento Geral da Uni\u00e3o para pagar a conta pela redu\u00e7\u00e3o do pre\u00e7o do diesel, abalando os recursos do SUS, que sofrer\u00e1 um corte de R$ 135 milh\u00f5es. De acordo com a Medida Provis\u00f3ria n\u00ba 839, publicada em edi\u00e7\u00e3o extraordin\u00e1ria do Di\u00e1rio Oficial da Uni\u00e3o, de 31\/05\/2018, as medidas anunciadas t\u00eam validade at\u00e9 o final deste ano e detalham como ser\u00e1 acomodado o gasto extra de R$ 9,58 bilh\u00f5es para bancar o subs\u00eddio ao combust\u00edvel.<\/p>\n<p>Outros setores que ser\u00e3o atingidos s\u00e3o a educa\u00e7\u00e3o, a gest\u00e3o de pol\u00edticas de juventude, de enfrentamento \u00e0 viol\u00eancia contra a mulher e sobre drogas, entre outros voltados \u00e0s \u00e1reas sociais.<\/p>\n<p>O Cremesp alerta para o enorme preju\u00edzo \u00e0 qualidade de vida de milhares de brasileiros que dependem do Sistema \u00danico de Sa\u00fade (SUS) e dos m\u00e9dicos em sua jornada di\u00e1ria pelas condi\u00e7\u00f5es de trabalho e assist\u00eancia \u00e0 popula\u00e7\u00e3o. Diante desse quadro de supress\u00e3o de recursos, o Conselho se solidariza com a popula\u00e7\u00e3o e os profissionais da Medicina e pede o apoio das entidades que defendem a Sa\u00fade digna para lutarmos juntos contra essa medida do governo federal.<\/p>\n<p>S\u00e3o Paulo, 5 de junho de 2018.<\/p>\n<p>Conselho Regional de Medicina do Estado de S\u00e3o Paulo<\/p>\n","protected":false},"excerpt":{"rendered":"<p>fonte: CREMESP O governo federal anunciou a retirada de recursos do Or\u00e7amento Geral da Uni\u00e3o para pagar a conta pela redu\u00e7\u00e3o do pre\u00e7o do diesel, abalando os recursos do SUS, que sofrer\u00e1 um corte de R$ 135 milh\u00f5es. De acordo com a Medida Provis\u00f3ria n\u00ba 839, publicada em edi\u00e7\u00e3o extraordin\u00e1ria do Di\u00e1rio Oficial da Uni\u00e3o, [&hellip;]<\/p>\n","protected":false},"author":1,"featured_media":247,"comment_status":"closed","ping_status":"open","sticky":false,"template":"","format":"standard","meta":{"ngg_post_thumbnail":0,"footnotes":""},"categories":[2],"tags":[],"class_list":["post-5370","post","type-post","status-publish","format-standard","has-post-thumbnail","hentry","category-noticias"],"aioseo_notices":[],"gutentor_comment":0,"_links":{"self":[{"href":"https:\/\/sobedrj.com.br\/novo\/wp-json\/wp\/v2\/posts\/5370","targetHints":{"allow":["GET"]}}],"collection":[{"href":"https:\/\/sobedrj.com.br\/novo\/wp-json\/wp\/v2\/posts"}],"about":[{"href":"https:\/\/sobedrj.com.br\/novo\/wp-json\/wp\/v2\/types\/post"}],"author":[{"embeddable":true,"href":"https:\/\/sobedrj.com.br\/novo\/wp-json\/wp\/v2\/users\/1"}],"replies":[{"embeddable":true,"href":"https:\/\/sobedrj.com.br\/novo\/wp-json\/wp\/v2\/comments?post=5370"}],"version-history":[{"count":1,"href":"https:\/\/sobedrj.com.br\/novo\/wp-json\/wp\/v2\/posts\/5370\/revisions"}],"predecessor-version":[{"id":5371,"href":"https:\/\/sobedrj.com.br\/novo\/wp-json\/wp\/v2\/posts\/5370\/revisions\/5371"}],"wp:featuredmedia":[{"embeddable":true,"href":"https:\/\/sobedrj.com.br\/novo\/wp-json\/wp\/v2\/media\/247"}],"wp:attachment":[{"href":"https:\/\/sobedrj.com.br\/novo\/wp-json\/wp\/v2\/media?parent=5370"}],"wp:term":[{"taxonomy":"category","embeddable":true,"href":"https:\/\/sobedrj.com.br\/novo\/wp-json\/wp\/v2\/categories?post=5370"},{"taxonomy":"post_tag","embeddable":true,"href":"https:\/\/sobedrj.com.br\/novo\/wp-json\/wp\/v2\/tags?post=5370"}],"curies":[{"name":"wp","href":"https:\/\/api.w.org\/{rel}","templated":true}]}}