{"id":5374,"date":"2018-06-11T16:31:52","date_gmt":"2018-06-11T16:31:52","guid":{"rendered":"http:\/\/sobedrj.com.br\/novo\/?p=5374"},"modified":"2018-06-11T18:41:44","modified_gmt":"2018-06-11T18:41:44","slug":"dgh-anuncia-cerca-de-mil-profissionais-de-saude-para-hospitais-federais","status":"publish","type":"post","link":"https:\/\/sobedrj.com.br\/novo\/2018\/06\/11\/dgh-anuncia-cerca-de-mil-profissionais-de-saude-para-hospitais-federais\/","title":{"rendered":"DGH anuncia cerca de mil profissionais de sa\u00fade para hospitais federais"},"content":{"rendered":"<p>fonte: CREMERJ<\/p>\n<p>Cerca de mil profissionais da \u00e1rea da sa\u00fade ser\u00e3o contratados nos hospitais e institutos federais do estado do Rio nos pr\u00f3ximos meses. A informa\u00e7\u00e3o foi divulgada pelo diretor do Departamento de Gest\u00e3o Hospitalar (DGH), Alessandro Magno Coutinho, em reuni\u00e3o realizada na segunda-feira, 4, com o presidente do CREMERJ, Nelson Nahon, e representantes de conselhos regionais, corpos cl\u00ednicos dos hospitais federais e da Comiss\u00e3o Externa da C\u00e2mara dos Deputados criada para analisar a situa\u00e7\u00e3o dos hospitais federais no Rio. Segundo o coordenador assistencial do DGH, Luiz Augusto Vianna, as contrata\u00e7\u00f5es come\u00e7aram na \u00faltima semana.<\/p>\n<p>Apesar do reconhecido avan\u00e7o em rela\u00e7\u00e3o \u00e0 \u00faltima reuni\u00e3o com o \u00f3rg\u00e3o, no m\u00eas de mar\u00e7o, quando o DGH anunciou que apenas cerca de 140 novos profissionais seriam contratados, integrantes dos corpos cl\u00ednicos afirmaram que o novo n\u00famero tamb\u00e9m n\u00e3o ser\u00e1 suficiente para atender a demanda dos seis hospitais e tr\u00eas institutos federais do Rio.<\/p>\n<p>O Hospital Federal de Bonsucesso (HFB), por exemplo, um dos mais afetados pela falta de recursos humanos, ter\u00e1 aproximadamente mais 300 profissionais por meio de Contratos Tempor\u00e1rios da Uni\u00e3o (CTU). Mas segundo o residente em neurocirurgia do HFB, Daniel Moreira, a quantidade ainda est\u00e1 longe do ideal: \u201cA situa\u00e7\u00e3o dos anestesistas aqui no HFB j\u00e1 era complicada, mas de dezembro para c\u00e1 se tornou invi\u00e1vel. Os residentes n\u00e3o est\u00e3o recebendo uma forma\u00e7\u00e3o adequada e precisamos de mais de 50 anestesistas\u201d.<\/p>\n<p>A deputada federal Jandira Feghali (PC do B), representando a Comiss\u00e3o Externa da C\u00e2mara dos Deputados, apoiou a reclama\u00e7\u00e3o dos m\u00e9dicos presentes na reuni\u00e3o e ressaltou a a\u00e7\u00e3o judicial de novembro de 2017 que obriga o Minist\u00e9rio da Sa\u00fade a contratar mais m\u00e9dicos para os hospitais federais fluminenses. \u201cO Minist\u00e9rio est\u00e1 permitindo que crimes quase-perfeitos continuem acontecendo no Rio, que \u00e9 quando pessoas morrem nos hospitais e ningu\u00e9m \u00e9 culpado\u201d. Jandira afirmou que caso as contra\u00e7\u00f5es necess\u00e1rias n\u00e3o se concretizem, a Comiss\u00e3o ir\u00e1 fazer entrar com uma a\u00e7\u00e3o criminal contra o Minist\u00e9rio da Sa\u00fade por descumprimento de decis\u00e3o judicial.<\/p>\n<p>Para Nelson Nahon, o resultado da reuni\u00e3o foi uma pequena conquista: \u201cNa \u00faltima reuni\u00e3o, o CRM se retirou do encontro ap\u00f3s a declara\u00e7\u00e3o do DGH de que apenas cerca de 140 novos profissionais seriam contratados, ent\u00e3o o aumento de aproximadamente mais 850 contratos \u00e9 um avan\u00e7o. Mas \u00e9 preciso lembrar, por exemplo, que as salas vermelha e amarela da emerg\u00eancia do HFB ainda est\u00e3o trancadas por falta de recursos humanos; que a enfermaria de cardiologia do Hospital Federal do Andara\u00ed est\u00e1 fechada e que todos os hospitais federais ou est\u00e3o com leitos reduzidos ou servi\u00e7os interrompidos.<\/p>\n","protected":false},"excerpt":{"rendered":"<p>fonte: CREMERJ Cerca de mil profissionais da \u00e1rea da sa\u00fade ser\u00e3o contratados nos hospitais e institutos federais do estado do Rio nos pr\u00f3ximos meses. A informa\u00e7\u00e3o foi divulgada pelo diretor do Departamento de Gest\u00e3o Hospitalar (DGH), Alessandro Magno Coutinho, em reuni\u00e3o realizada na segunda-feira, 4, com o presidente do CREMERJ, Nelson Nahon, e representantes de [&hellip;]<\/p>\n","protected":false},"author":1,"featured_media":776,"comment_status":"closed","ping_status":"open","sticky":false,"template":"","format":"standard","meta":{"ngg_post_thumbnail":0,"footnotes":""},"categories":[2],"tags":[],"class_list":["post-5374","post","type-post","status-publish","format-standard","has-post-thumbnail","hentry","category-noticias"],"aioseo_notices":[],"gutentor_comment":0,"_links":{"self":[{"href":"https:\/\/sobedrj.com.br\/novo\/wp-json\/wp\/v2\/posts\/5374","targetHints":{"allow":["GET"]}}],"collection":[{"href":"https:\/\/sobedrj.com.br\/novo\/wp-json\/wp\/v2\/posts"}],"about":[{"href":"https:\/\/sobedrj.com.br\/novo\/wp-json\/wp\/v2\/types\/post"}],"author":[{"embeddable":true,"href":"https:\/\/sobedrj.com.br\/novo\/wp-json\/wp\/v2\/users\/1"}],"replies":[{"embeddable":true,"href":"https:\/\/sobedrj.com.br\/novo\/wp-json\/wp\/v2\/comments?post=5374"}],"version-history":[{"count":1,"href":"https:\/\/sobedrj.com.br\/novo\/wp-json\/wp\/v2\/posts\/5374\/revisions"}],"predecessor-version":[{"id":5375,"href":"https:\/\/sobedrj.com.br\/novo\/wp-json\/wp\/v2\/posts\/5374\/revisions\/5375"}],"wp:featuredmedia":[{"embeddable":true,"href":"https:\/\/sobedrj.com.br\/novo\/wp-json\/wp\/v2\/media\/776"}],"wp:attachment":[{"href":"https:\/\/sobedrj.com.br\/novo\/wp-json\/wp\/v2\/media?parent=5374"}],"wp:term":[{"taxonomy":"category","embeddable":true,"href":"https:\/\/sobedrj.com.br\/novo\/wp-json\/wp\/v2\/categories?post=5374"},{"taxonomy":"post_tag","embeddable":true,"href":"https:\/\/sobedrj.com.br\/novo\/wp-json\/wp\/v2\/tags?post=5374"}],"curies":[{"name":"wp","href":"https:\/\/api.w.org\/{rel}","templated":true}]}}