{"id":5376,"date":"2018-06-11T16:49:39","date_gmt":"2018-06-11T16:49:39","guid":{"rendered":"http:\/\/sobedrj.com.br\/novo\/?p=5376"},"modified":"2018-07-23T18:32:45","modified_gmt":"2018-07-23T18:32:45","slug":"va-salvando-a-data-endo-2020-ocorre-de-7-a-10-de-marco-de-2020-no-rio-de-janeiro","status":"publish","type":"post","link":"https:\/\/sobedrj.com.br\/novo\/2018\/06\/11\/va-salvando-a-data-endo-2020-ocorre-de-7-a-10-de-marco-de-2020-no-rio-de-janeiro\/","title":{"rendered":"V\u00e1 salvando a data: Endo 2020 ocorre de 7 a 10 de mar\u00e7o de 2020 no Rio de Janeiro"},"content":{"rendered":"<p>fonte: SOBED<\/p>\n<p>A segunda edi\u00e7\u00e3o do Congresso Mundial de Endoscopia Digestiva, o ENDO 2020, j\u00e1 tem site oficial. A SOBED, junto \u00e0 World Endoscopy Organization (WEO), organiza este encontro, que re\u00fane os maiores expoentes da endoscopia digestiva, abordando t\u00f3picos relacionados \u00e0 gastroenterologia, hepatologia e oncologia, do ponto de vista do endoscopista.<\/p>\n<p>O congresso, que acontece entre 7 e 10 de mar\u00e7o de 2020 no Rio de Janeiro, unir\u00e1 a ci\u00eancia e a pr\u00e1tica cl\u00ednica e dar\u00e1 aten\u00e7\u00e3o especial a temas pertinentes \u00e0 regi\u00e3o sul-americana. Durante a Digestive Disease Week (DDW), principal f\u00f3rum educacional do mundo sobre endoscopia gastrointestinal que aconteceu de 2 a 5 de junho em Washington (EUA), representantes da SOBED, WEO e sociedades parceiras discutiram os principais encaminhamentos sobre a grade cient\u00edfica e quest\u00f5es administrativas do evento.<\/p>\n<p>Inscri\u00e7\u00f5es abertas a partir de janeiro de 2019. O programa preliminar j\u00e1 est\u00e1 dispon\u00edvel em\u00a0<a href=\"http:\/\/www.endo2020.org\/\">http:\/\/www.endo2020.org<\/a><\/p>\n","protected":false},"excerpt":{"rendered":"<p>fonte: SOBED A segunda edi\u00e7\u00e3o do Congresso Mundial de Endoscopia Digestiva, o ENDO 2020, j\u00e1 tem site oficial. A SOBED, junto \u00e0 World Endoscopy Organization (WEO), organiza este encontro, que re\u00fane os maiores expoentes da endoscopia digestiva, abordando t\u00f3picos relacionados \u00e0 gastroenterologia, hepatologia e oncologia, do ponto de vista do endoscopista. O congresso, que acontece [&hellip;]<\/p>\n","protected":false},"author":1,"featured_media":5377,"comment_status":"closed","ping_status":"open","sticky":false,"template":"","format":"standard","meta":{"ngg_post_thumbnail":0,"footnotes":""},"categories":[2],"tags":[],"class_list":["post-5376","post","type-post","status-publish","format-standard","has-post-thumbnail","hentry","category-noticias"],"aioseo_notices":[],"gutentor_comment":0,"_links":{"self":[{"href":"https:\/\/sobedrj.com.br\/novo\/wp-json\/wp\/v2\/posts\/5376","targetHints":{"allow":["GET"]}}],"collection":[{"href":"https:\/\/sobedrj.com.br\/novo\/wp-json\/wp\/v2\/posts"}],"about":[{"href":"https:\/\/sobedrj.com.br\/novo\/wp-json\/wp\/v2\/types\/post"}],"author":[{"embeddable":true,"href":"https:\/\/sobedrj.com.br\/novo\/wp-json\/wp\/v2\/users\/1"}],"replies":[{"embeddable":true,"href":"https:\/\/sobedrj.com.br\/novo\/wp-json\/wp\/v2\/comments?post=5376"}],"version-history":[{"count":1,"href":"https:\/\/sobedrj.com.br\/novo\/wp-json\/wp\/v2\/posts\/5376\/revisions"}],"predecessor-version":[{"id":5378,"href":"https:\/\/sobedrj.com.br\/novo\/wp-json\/wp\/v2\/posts\/5376\/revisions\/5378"}],"wp:featuredmedia":[{"embeddable":true,"href":"https:\/\/sobedrj.com.br\/novo\/wp-json\/wp\/v2\/media\/5377"}],"wp:attachment":[{"href":"https:\/\/sobedrj.com.br\/novo\/wp-json\/wp\/v2\/media?parent=5376"}],"wp:term":[{"taxonomy":"category","embeddable":true,"href":"https:\/\/sobedrj.com.br\/novo\/wp-json\/wp\/v2\/categories?post=5376"},{"taxonomy":"post_tag","embeddable":true,"href":"https:\/\/sobedrj.com.br\/novo\/wp-json\/wp\/v2\/tags?post=5376"}],"curies":[{"name":"wp","href":"https:\/\/api.w.org\/{rel}","templated":true}]}}