{"id":5387,"date":"2018-06-14T11:05:06","date_gmt":"2018-06-14T11:05:06","guid":{"rendered":"http:\/\/sobedrj.com.br\/novo\/?p=5387"},"modified":"2018-06-18T20:56:40","modified_gmt":"2018-06-18T20:56:40","slug":"decisao-da-justica-sobre-percentual-do-reajuste-abre-precedentes-para-planos-de-saude","status":"publish","type":"post","link":"https:\/\/sobedrj.com.br\/novo\/2018\/06\/14\/decisao-da-justica-sobre-percentual-do-reajuste-abre-precedentes-para-planos-de-saude\/","title":{"rendered":"Decis\u00e3o da Justi\u00e7a sobre percentual do reajuste abre precedentes para planos de sa\u00fade"},"content":{"rendered":"<p>fonte: O Globo<\/p>\n<p>Ap\u00f3s tr\u00eas anos com reajustes de 13,5% nas mensalidades dos planos de sa\u00fade individuais, a Justi\u00e7a fixou em 5,72% o teto para o aumento desses contratos, \u00fanicos com corre\u00e7\u00e3o regulada pela Ag\u00eancia Nacional de Sa\u00fade Suplementar (ANS). O percentual corresponde ao \u00edndice da infla\u00e7\u00e3o de sa\u00fade no pa\u00eds, medido pelo IPCA, apurado pelo IBGE.\u00a0Conforme antecipado pelo colunista do GLOBO Ancelmo Gois, a ANS prop\u00f4s reajuste de 10% para este ano. O an\u00fancio formal da taxa, no entanto, ainda n\u00e3o foi feito pela ag\u00eancia, que aguardava parecer do Minist\u00e9rio da Fazenda.<\/p>\n<p>Apesar de n\u00e3o ter sido notificada, a ANS j\u00e1 informou que ir\u00e1 recorrer da decis\u00e3o judicial. Segundo especialistas, a determina\u00e7\u00e3o da Justi\u00e7a vai dar in\u00edcio a uma discuss\u00e3o sobre a forma como \u00e9 calculado o aumento anual pela ag\u00eancia, e pode ter reflexo tamb\u00e9m sobre os planos coletivos, apesar de eles n\u00e3o estarem contemplados na a\u00e7\u00e3o.<\/p>\n<p>A liminar foi concedida nesta quarta-feira, pela 22\u00aa Vara C\u00edvel Federal de S\u00e3o Paulo, em resposta \u00e0 a\u00e7\u00e3o civil p\u00fablica movida pelo Instituto Brasileiro de Defesa do Consumidor (Idec), que se baseia em relat\u00f3rio divulgado pelo Tribunal de Contas da Uni\u00e3o (TCU) em mar\u00e7o. O TCU aponta distor\u00e7\u00f5es, abusividade e falta de transpar\u00eancia na metodologia usada pela ANS para calcular o percentual m\u00e1ximo de reajuste de 9,1 milh\u00f5es de planos individuais, uma fra\u00e7\u00e3o do total de 47,4 milh\u00f5es de contratos da sa\u00fade suplementar no Brasil. A ANS tem pelo menos at\u00e9 a metade do segundo semestre para responder aos questionamentos do TCU.<\/p>\n<p><strong>Primeira a\u00e7\u00e3o movida pelo Idec<\/strong><\/p>\n<p>Na decis\u00e3o, o juiz Flavio Siqueira Junior reconhece que o constante avan\u00e7o da tecnologia pede reajuste por \u00edndice diferenciado daquele que mede a infla\u00e7\u00e3o geral. Ele pondera, contudo, que a ANS, como \u00f3rg\u00e3o regulador, n\u00e3o pode autorizar aumento que inviabilize o custeio pelos consumidores. A decis\u00e3o abre a possibilidade de uma audi\u00eancia de concilia\u00e7\u00e3o e de assinatura de termo de ajuste de conduta para ado\u00e7\u00e3o de metodologia que n\u00e3o comprometa a capacidade de pagamento dos usu\u00e1rios nem a sustentabilidade do setor.<\/p>\n<p>Desde 2002, o Idec questiona a ANS sobre os reajustes dos planos individuais. Esta \u00e9, por\u00e9m, a primeira a\u00e7\u00e3o movida pelo instituto sobre o tema.<\/p>\n<p>\u2014 Esgotamos todas as possibilidades administrativas de revis\u00e3o dos reajustes. Mas esta \u00e9 uma solu\u00e7\u00e3o provis\u00f3ria, enquanto a ANS n\u00e3o cumpre as exig\u00eancia do relat\u00f3rio do TCU. Propusemos o uso do IPCA setorial de sa\u00fade como substituto tempor\u00e1rio, por entender que o \u00edndice, al\u00e9m de refletir custos do setor, oferece a transpar\u00eancia necess\u00e1ria e mant\u00e9m rela\u00e7\u00e3o com a capacidade de pagamento do consumidor \u2014 explica Ana Carolina Navarrete, pesquisadora em sa\u00fade do Idec.<\/p>\n<p>Representantes das empresas de sa\u00fade argumentam que o \u00edndice n\u00e3o \u00e9 adequado como refer\u00eancia ao reajuste. Para Andr\u00e9 Braz, economista do Ibre\/FGV, o IPCA em sa\u00fade pode ser usado como par\u00e2metro, mas caberia usar mais dados no c\u00e1lculo:<\/p>\n<p>\u2014 A coleta de pre\u00e7os em servi\u00e7os fica no tradicional, mas os planos gradualmente absorvem procedimentos novos, ainda n\u00e3o mapeados pelas Pesquisas de Or\u00e7amentos Familiares. Sem esquecer que o plano \u00e9 um servi\u00e7o para renda mais alta, est\u00e1 fora da cesta da maioria dos brasileiros.<\/p>\n<p>Para a Federa\u00e7\u00e3o Nacional de Sa\u00fade Suplementar (FenaSa\u00fade), que re\u00fane as maiores operadoras, o IPCA n\u00e3o \u00e9 refer\u00eancia em rela\u00e7\u00e3o \u00e0 varia\u00e7\u00e3o das despesas do segmento. A FenaSa\u00fade destaca que a cesta do IBGE de sa\u00fade e cuidados pessoais \u00e9 composta por itens n\u00e3o relacionados aos servi\u00e7os de planos de sa\u00fade, como higiene pessoal e limpeza.<\/p>\n<p>Na avalia\u00e7\u00e3o das empresas, para obter um reajuste menor \u00e9 preciso discutir os motivos que levam \u00e0 alta das despesas do setor, como desperd\u00edcios, envelhecimento populacional e incorpora\u00e7\u00e3o de novas tecnologias. A FenaSa\u00fade ressalta ainda que, de 2008 a 2017, o IPCA acumulou alta de 69,9%, contra aumento de despesas assistenciais m\u00e9dico-hospitalares<em>\u00a0per capita<\/em>\u00a0de 169,3%, e o reajuste autorizado pela ANS foi de 131,9% no per\u00edodo.<\/p>\n<p>Procurada, a ANS explica, em nota, que o \u00edndice m\u00e1ximo de reajuste anual dos planos individuais\/familiares leva em considera\u00e7\u00e3o os percentuais de aumento dos planos coletivos com mais de 30 benefici\u00e1rios. E acrescenta que a taxa \u00e9 influenciada tamb\u00e9m por frequ\u00eancia de uso de servi\u00e7os e custos de sa\u00fade para explicar por que n\u00e3o \u00e9 compar\u00e1vel a \u00edndices de pre\u00e7os.<\/p>\n<p>A ag\u00eancia ressalta ainda que o ac\u00f3rd\u00e3o do TCU n\u00e3o apontou ilegalidade no reajuste de planos individuais em anos anteriores, recomendando o aprimoramento da metodologia e dos procedimentos usados, e que foi concedido prazo de 180 dias para resposta. A ANS afirma que j\u00e1 trabalhava nessa melhoria antes do relat\u00f3rio do TCU.<\/p>\n<p><strong>Avalia\u00e7\u00e3o retroativa a 2009<\/strong><\/p>\n<p>A a\u00e7\u00e3o movida pelo Idec traz outras solicita\u00e7\u00f5es que ainda n\u00e3o foram avaliadas pela Justi\u00e7a. Entre elas, que seja reconhecida a ilegalidade e a abusividade dos reajustes autorizados pela ANS desde 2009, com a compensa\u00e7\u00e3o de valores pagos a mais pelos consumidores em forma de descontos nos reajustes dos pr\u00f3ximos tr\u00eas anos. Al\u00e9m disso, requer que a ag\u00eancia seja condenada a pagar indeniza\u00e7\u00e3o por danos coletivos.<\/p>\n<p>O aposentado Maur\u00edcio Vainstein, de 78 anos, gasta R$ 3 mil por m\u00eas com o plano de sa\u00fade dele e da mulher, mesmo ap\u00f3s ter obtido na Justi\u00e7a a suspens\u00e3o do aumento por faixa et\u00e1ria. A aplica\u00e7\u00e3o do reajuste anual, diz ele, pode inviabilizar a manuten\u00e7\u00e3o da assist\u00eancia privada da fam\u00edlia, j\u00e1 que a aposentadoria paga pelo INSS teve aumento de 2,01%:<\/p>\n<p>\u2014 As coisas deveriam ser equivalentes. Mas o reajuste do plano de sa\u00fade ser\u00e1 muito acima do que recebemos de reposi\u00e7\u00e3o, comprometendo nosso poder de compra.<\/p>\n<p>Para M\u00e1rio Scheffer, coordenador do Observat\u00f3rio da Judicializa\u00e7\u00e3o da Sa\u00fade Suplementar do Departamento de Medicina Preventiva da USP, a decis\u00e3o judicial pode ter impacto em todo o mercado:<\/p>\n<p>\u2014 A decis\u00e3o joga luz sobre a necessidade de revis\u00e3o de toda a pol\u00edtica de reajustes da ANS, n\u00e3o s\u00f3 dos individuais, mas dos coletivos, hoje liberados. Nos individuais, falta transpar\u00eancia nos crit\u00e9rios e, nos coletivos, regula\u00e7\u00e3o.<\/p>\n<p>Em levantamento feito pela USP, em 3.870 decis\u00f5es de segunda inst\u00e2ncia no Tribunal de Justi\u00e7a de S\u00e3o Paulo, nos primeiros quatro meses deste ano, 28,2% envolveram reclama\u00e7\u00f5es sobre reajuste de mensalidade. Os percentuais de aumento s\u00e3o a segunda maior demanda no tribunal.<\/p>\n<p>\u2014 Grande parte dos benefici\u00e1rios de planos de sa\u00fade individuais entra na Justi\u00e7a contra os reajustes por faixa et\u00e1ria. Os ju\u00edzes s\u00f3 suspendem o aumento se estiver em desacordo com o contrato, com os padr\u00f5es de razoabilidade e com as normas da ANS \u2014 observa o advogado Leandro Sender.<\/p>\n","protected":false},"excerpt":{"rendered":"<p>fonte: O Globo Ap\u00f3s tr\u00eas anos com reajustes de 13,5% nas mensalidades dos planos de sa\u00fade individuais, a Justi\u00e7a fixou em 5,72% o teto para o aumento desses contratos, \u00fanicos com corre\u00e7\u00e3o regulada pela Ag\u00eancia Nacional de Sa\u00fade Suplementar (ANS). O percentual corresponde ao \u00edndice da infla\u00e7\u00e3o de sa\u00fade no pa\u00eds, medido pelo IPCA, apurado [&hellip;]<\/p>\n","protected":false},"author":1,"featured_media":0,"comment_status":"closed","ping_status":"open","sticky":false,"template":"","format":"standard","meta":{"ngg_post_thumbnail":0,"footnotes":""},"categories":[2],"tags":[],"class_list":["post-5387","post","type-post","status-publish","format-standard","hentry","category-noticias"],"aioseo_notices":[],"gutentor_comment":0,"_links":{"self":[{"href":"https:\/\/sobedrj.com.br\/novo\/wp-json\/wp\/v2\/posts\/5387","targetHints":{"allow":["GET"]}}],"collection":[{"href":"https:\/\/sobedrj.com.br\/novo\/wp-json\/wp\/v2\/posts"}],"about":[{"href":"https:\/\/sobedrj.com.br\/novo\/wp-json\/wp\/v2\/types\/post"}],"author":[{"embeddable":true,"href":"https:\/\/sobedrj.com.br\/novo\/wp-json\/wp\/v2\/users\/1"}],"replies":[{"embeddable":true,"href":"https:\/\/sobedrj.com.br\/novo\/wp-json\/wp\/v2\/comments?post=5387"}],"version-history":[{"count":1,"href":"https:\/\/sobedrj.com.br\/novo\/wp-json\/wp\/v2\/posts\/5387\/revisions"}],"predecessor-version":[{"id":5389,"href":"https:\/\/sobedrj.com.br\/novo\/wp-json\/wp\/v2\/posts\/5387\/revisions\/5389"}],"wp:attachment":[{"href":"https:\/\/sobedrj.com.br\/novo\/wp-json\/wp\/v2\/media?parent=5387"}],"wp:term":[{"taxonomy":"category","embeddable":true,"href":"https:\/\/sobedrj.com.br\/novo\/wp-json\/wp\/v2\/categories?post=5387"},{"taxonomy":"post_tag","embeddable":true,"href":"https:\/\/sobedrj.com.br\/novo\/wp-json\/wp\/v2\/tags?post=5387"}],"curies":[{"name":"wp","href":"https:\/\/api.w.org\/{rel}","templated":true}]}}