{"id":5395,"date":"2018-06-18T13:09:46","date_gmt":"2018-06-18T13:09:46","guid":{"rendered":"http:\/\/sobedrj.com.br\/novo\/?p=5395"},"modified":"2018-06-18T20:56:26","modified_gmt":"2018-06-18T20:56:26","slug":"e-preciso-mudar-o-sus-unica-alternativa-de-145-milhoes","status":"publish","type":"post","link":"https:\/\/sobedrj.com.br\/novo\/2018\/06\/18\/e-preciso-mudar-o-sus-unica-alternativa-de-145-milhoes\/","title":{"rendered":"\u00c9 preciso mudar o SUS, \u00fanica alternativa de 145 milh\u00f5es"},"content":{"rendered":"<p>fonte: O Globo | Editorial<\/p>\n<p>Sete em cada dez brasileiros s\u00e3o totalmente dependentes dos servi\u00e7os p\u00fablicos de sa\u00fade, segundo o Instituto Brasileiro de Geografia e Estat\u00edstica. Significa que mais de 145 milh\u00f5es de pessoas t\u00eam apenas o Sistema \u00danico de Sa\u00fade (SUS) como forma de acesso a tratamento m\u00e9dico e hospitalar. Esse n\u00famero de dependentes dos servi\u00e7os estatais de sa\u00fade \u00e9 20% maior, por exemplo, que a popula\u00e7\u00e3o do M\u00e9xico e do Jap\u00e3o.<\/p>\n<p>\u00c9 paradoxal, mas h\u00e1 tr\u00eas d\u00e9cadas os interesses dessa massa de cidad\u00e3os est\u00e3o mantidos \u00e0 margem das prioridades pol\u00edticas. Desde a legitima\u00e7\u00e3o do SUS na Constitui\u00e7\u00e3o de 1988, pela unanimidade dos constituintes, n\u00e3o houve um \u00fanico partido pol\u00edtico, coaliz\u00e3o ou candidato \u00e0 Presid\u00eancia que efetivamente tenha, fora da ret\u00f3rica eleitoral, se empenhado em resolver os impasses que asfixiam o sistema de sa\u00fade.<\/p>\n<p>A proposta de acesso universalizado aos servi\u00e7os p\u00fablicos m\u00e9dicos e hospitalares foi inspirada na experi\u00eancia da Europa, ap\u00f3s a Segunda Guerra Mundial. Da social-democracia alem\u00e3 ao conservadorismo brit\u00e2nico, partidos elegeram a sa\u00fade e a educa\u00e7\u00e3o como bens p\u00fablicos, por \u00f3bvia repercuss\u00e3o na redu\u00e7\u00e3o das desigualdades. Hoje debatem adapta\u00e7\u00f5es.<\/p>\n<p>No Brasil, aquilo que era boa iniciativa para inclus\u00e3o social completa 30 anos em estagna\u00e7\u00e3o, sob constante amea\u00e7a de colapso, por absoluto descaso dos partidos e dos pol\u00edticos que governaram nas \u00faltimas tr\u00eas d\u00e9cadas.<\/p>\n<p>A hist\u00f3ria do SUS \u00e9 o retrato desse ciclo de desd\u00e9m pol\u00edtico com a maioria. Foram necess\u00e1rios 12 anos, de 1988 a 2000, para se chegar a um consenso preliminar sobre como financiar o sistema no or\u00e7amento da Uni\u00e3o, estados e munic\u00edpios. E mais 12 anos para tramita\u00e7\u00e3o legislativa da lei de regulamenta\u00e7\u00e3o. Quando definido, em 2012, veio a devastadora crise fiscal.<\/p>\n<p>\u00c9 sabido como o pa\u00eds gasta muito mal e de forma injusta em sa\u00fade. O Banco Mundial, por exemplo, estima perdas em 0,3% do PIB ao ano, apenas por m\u00e1 gest\u00e3o. Outros 0,3% do PIB se esvaem sob a forma de subs\u00eddios federais \u00e0s despesas privadas com sa\u00fade.<\/p>\n<p>Rever o SUS na perspectiva do interesse coletivo deveria ser prioridade zero dos partidos e candidatos na elei\u00e7\u00e3o geral. \u00c9 fator decisivo na redu\u00e7\u00e3o das desigualdades. Atribuir ao subfinanciamento do sistema a g\u00eanese da sua baixa efici\u00eancia \u00e9 escapismo. Isso levou \u00e0 tibieza pol\u00edtica dos \u00faltimos 30 anos. A crise do SUS precisa de respostas objetivas, imediatas e inovadoras, como inclus\u00e3o de organiza\u00e7\u00f5es sociais e mesmo da iniciativa privada na gest\u00e3o compartilhada, com descentraliza\u00e7\u00e3o, transpar\u00eancia e foco na gest\u00e3o do dinheiro p\u00fablico.<\/p>\n<p>A sa\u00edda \u00e9 pol\u00edtica. A campanha eleitoral abre aos partidos e candidatos a chance de enfrentar o problema com urg\u00eancia, racionalidade e equil\u00edbrio. N\u00e3o lhes \u00e9 permitido abstrair a realidade: o sistema p\u00fablico de sa\u00fade \u00e9 a \u00fanica alternativa para mais de 145 milh\u00f5es de brasileiros.<\/p>\n","protected":false},"excerpt":{"rendered":"<p>fonte: O Globo | Editorial Sete em cada dez brasileiros s\u00e3o totalmente dependentes dos servi\u00e7os p\u00fablicos de sa\u00fade, segundo o Instituto Brasileiro de Geografia e Estat\u00edstica. Significa que mais de 145 milh\u00f5es de pessoas t\u00eam apenas o Sistema \u00danico de Sa\u00fade (SUS) como forma de acesso a tratamento m\u00e9dico e hospitalar. Esse n\u00famero de dependentes [&hellip;]<\/p>\n","protected":false},"author":1,"featured_media":5396,"comment_status":"closed","ping_status":"open","sticky":false,"template":"","format":"standard","meta":{"ngg_post_thumbnail":0,"footnotes":""},"categories":[4],"tags":[],"class_list":["post-5395","post","type-post","status-publish","format-standard","has-post-thumbnail","hentry","category-artigos_cientificos"],"aioseo_notices":[],"gutentor_comment":0,"_links":{"self":[{"href":"https:\/\/sobedrj.com.br\/novo\/wp-json\/wp\/v2\/posts\/5395","targetHints":{"allow":["GET"]}}],"collection":[{"href":"https:\/\/sobedrj.com.br\/novo\/wp-json\/wp\/v2\/posts"}],"about":[{"href":"https:\/\/sobedrj.com.br\/novo\/wp-json\/wp\/v2\/types\/post"}],"author":[{"embeddable":true,"href":"https:\/\/sobedrj.com.br\/novo\/wp-json\/wp\/v2\/users\/1"}],"replies":[{"embeddable":true,"href":"https:\/\/sobedrj.com.br\/novo\/wp-json\/wp\/v2\/comments?post=5395"}],"version-history":[{"count":1,"href":"https:\/\/sobedrj.com.br\/novo\/wp-json\/wp\/v2\/posts\/5395\/revisions"}],"predecessor-version":[{"id":5397,"href":"https:\/\/sobedrj.com.br\/novo\/wp-json\/wp\/v2\/posts\/5395\/revisions\/5397"}],"wp:featuredmedia":[{"embeddable":true,"href":"https:\/\/sobedrj.com.br\/novo\/wp-json\/wp\/v2\/media\/5396"}],"wp:attachment":[{"href":"https:\/\/sobedrj.com.br\/novo\/wp-json\/wp\/v2\/media?parent=5395"}],"wp:term":[{"taxonomy":"category","embeddable":true,"href":"https:\/\/sobedrj.com.br\/novo\/wp-json\/wp\/v2\/categories?post=5395"},{"taxonomy":"post_tag","embeddable":true,"href":"https:\/\/sobedrj.com.br\/novo\/wp-json\/wp\/v2\/tags?post=5395"}],"curies":[{"name":"wp","href":"https:\/\/api.w.org\/{rel}","templated":true}]}}