{"id":5428,"date":"2018-06-25T16:02:57","date_gmt":"2018-06-25T16:02:57","guid":{"rendered":"http:\/\/sobedrj.com.br\/novo\/?p=5428"},"modified":"2018-06-26T09:07:41","modified_gmt":"2018-06-26T09:07:41","slug":"sus-incorpora-novos-tratamentos-para-doencas-raras","status":"publish","type":"post","link":"https:\/\/sobedrj.com.br\/novo\/2018\/06\/25\/sus-incorpora-novos-tratamentos-para-doencas-raras\/","title":{"rendered":"SUS incorpora novos tratamentos para doen\u00e7as raras"},"content":{"rendered":"<p>fonte: Ag\u00eancia Brasil<\/p>\n<p>A Comiss\u00e3o Nacional de Incorpora\u00e7\u00e3o de Tecnologias aprovou novas op\u00e7\u00f5es de cuidado para quem sofre de doen\u00e7as raras no Brasil. Os tratamentos, de acordo com o Minist\u00e9rio da Sa\u00fade, devem ser disponibilizados em unidades do Sistema \u00danico de Sa\u00fade (SUS) a partir do segundo semestre de 2018.<\/p>\n<p>Com as altera\u00e7\u00f5es, portadores de\u00a0<a href=\"http:\/\/www.imprensanacional.gov.br\/web\/guest\/materia\/-\/asset_publisher\/Kujrw0TZC2Mb\/content\/id\/10852163\/do1-2018-04-18-portaria-conjunta-n-12-de-11-de-abril-de-2018-10852159\" target=\"_blank\" rel=\"noopener\">Mucopolissacaridoses tipo I\u00a0<\/a>e\u00a0<a href=\"http:\/\/www.imprensanacional.gov.br\/web\/guest\/materia\/-\/asset_publisher\/Kujrw0TZC2Mb\/content\/id\/15958204\/do1-2018-05-25-portaria-conjunta-n-16-de-24-de-maio-de-2018-15958200\" target=\"_blank\" rel=\"noopener\">II<\/a>\u00a0v\u00e3o contar com duas novas op\u00e7\u00f5es de medicamento: a laronidase e a idursulfase alfa. Para quem sofre de\u00a0<a href=\"http:\/\/www.imprensanacional.gov.br\/web\/guest\/materia\/-\/asset_publisher\/Kujrw0TZC2Mb\/content\/id\/15747055\/do1-2018-05-24-portaria-conjunta-n-13-de-4-de-maio-de-2018-15747051\" target=\"_blank\" rel=\"noopener\">Defici\u00eancia de Biotinidase<\/a>, a novidade \u00e9 a aprova\u00e7\u00e3o de protocolos que orientam a assist\u00eancia na rede p\u00fablica. Os protocolos para a\u00a0<a href=\"http:\/\/www.imprensanacional.gov.br\/web\/guest\/materia\/-\/asset_publisher\/Kujrw0TZC2Mb\/content\/id\/15747081\/do1-2018-05-24-portaria-conjunta-n-15-de-9-de-maio-de-2018-15747077\" target=\"_blank\" rel=\"noopener\">S\u00edndrome de Turner<\/a>\u00a0e a\u00a0<a href=\"http:\/\/www.imprensanacional.gov.br\/web\/guest\/materia\/-\/asset_publisher\/Kujrw0TZC2Mb\/content\/id\/15747068\/do1-2018-05-24-portaria-conjunta-n-14-de-9-de-maio-de-2018-15747064\" target=\"_blank\" rel=\"noopener\">Hepatite Autoimune<\/a>\u00a0tamb\u00e9m foram atualizados.<\/p>\n<p>Os chamados Protocolos Cl\u00ednicos e Diretrizes Terap\u00eauticas funcionam como documentos oficiais que estabelecem crit\u00e9rios para diagn\u00f3stico; tratamento preconizado, incluindo medicamentos e demais tecnologias; posologias recomendadas; cuidados com a seguran\u00e7a dos doentes; mecanismos de controle cl\u00ednico; e acompanhamento e verifica\u00e7\u00e3o de resultados terap\u00eauticos.<\/p>\n<p><strong>N\u00fameros<\/strong><\/p>\n<p>Dados da Organiza\u00e7\u00e3o Mundial da Sa\u00fade apontam que as doen\u00e7as raras afetam at\u00e9 65 pessoas em cada grupo de 100 mil indiv\u00edduos, sendo 80% decorrentes de fatores gen\u00e9ticos. No Brasil, cerca de 13 milh\u00f5es de pessoas s\u00e3o acometidas por esse tipo de enfermidade.<\/p>\n<p>O minist\u00e9rio informou que, desde 2014, o SUS incorporou 19 exames de diagn\u00f3stico e 11 medicamentos, al\u00e9m de organizar a rede de assist\u00eancia a doen\u00e7as raras no Brasil. O pa\u00eds conta, atualmente, com sete servi\u00e7os de refer\u00eancia nesse tipo de atendimento.<\/p>\n","protected":false},"excerpt":{"rendered":"<p>fonte: Ag\u00eancia Brasil A Comiss\u00e3o Nacional de Incorpora\u00e7\u00e3o de Tecnologias aprovou novas op\u00e7\u00f5es de cuidado para quem sofre de doen\u00e7as raras no Brasil. Os tratamentos, de acordo com o Minist\u00e9rio da Sa\u00fade, devem ser disponibilizados em unidades do Sistema \u00danico de Sa\u00fade (SUS) a partir do segundo semestre de 2018. Com as altera\u00e7\u00f5es, portadores de\u00a0Mucopolissacaridoses [&hellip;]<\/p>\n","protected":false},"author":1,"featured_media":337,"comment_status":"closed","ping_status":"open","sticky":false,"template":"","format":"standard","meta":{"ngg_post_thumbnail":0,"footnotes":""},"categories":[2],"tags":[],"class_list":["post-5428","post","type-post","status-publish","format-standard","has-post-thumbnail","hentry","category-noticias"],"aioseo_notices":[],"gutentor_comment":0,"_links":{"self":[{"href":"https:\/\/sobedrj.com.br\/novo\/wp-json\/wp\/v2\/posts\/5428","targetHints":{"allow":["GET"]}}],"collection":[{"href":"https:\/\/sobedrj.com.br\/novo\/wp-json\/wp\/v2\/posts"}],"about":[{"href":"https:\/\/sobedrj.com.br\/novo\/wp-json\/wp\/v2\/types\/post"}],"author":[{"embeddable":true,"href":"https:\/\/sobedrj.com.br\/novo\/wp-json\/wp\/v2\/users\/1"}],"replies":[{"embeddable":true,"href":"https:\/\/sobedrj.com.br\/novo\/wp-json\/wp\/v2\/comments?post=5428"}],"version-history":[{"count":1,"href":"https:\/\/sobedrj.com.br\/novo\/wp-json\/wp\/v2\/posts\/5428\/revisions"}],"predecessor-version":[{"id":5429,"href":"https:\/\/sobedrj.com.br\/novo\/wp-json\/wp\/v2\/posts\/5428\/revisions\/5429"}],"wp:featuredmedia":[{"embeddable":true,"href":"https:\/\/sobedrj.com.br\/novo\/wp-json\/wp\/v2\/media\/337"}],"wp:attachment":[{"href":"https:\/\/sobedrj.com.br\/novo\/wp-json\/wp\/v2\/media?parent=5428"}],"wp:term":[{"taxonomy":"category","embeddable":true,"href":"https:\/\/sobedrj.com.br\/novo\/wp-json\/wp\/v2\/categories?post=5428"},{"taxonomy":"post_tag","embeddable":true,"href":"https:\/\/sobedrj.com.br\/novo\/wp-json\/wp\/v2\/tags?post=5428"}],"curies":[{"name":"wp","href":"https:\/\/api.w.org\/{rel}","templated":true}]}}