{"id":5432,"date":"2018-06-25T16:19:28","date_gmt":"2018-06-25T16:19:28","guid":{"rendered":"http:\/\/sobedrj.com.br\/novo\/?p=5432"},"modified":"2018-06-26T09:07:33","modified_gmt":"2018-06-26T09:07:33","slug":"medicos-pressionam-e-ans-tera-de-debater-pagamentos-por-pacote","status":"publish","type":"post","link":"https:\/\/sobedrj.com.br\/novo\/2018\/06\/25\/medicos-pressionam-e-ans-tera-de-debater-pagamentos-por-pacote\/","title":{"rendered":"M\u00e9dicos pressionam e ANS ter\u00e1 de debater pagamentos por pacote"},"content":{"rendered":"<p>fonte: CREMERJ<\/p>\n<p>Representantes dos oftalmologistas se reuniram nesta quarta-feira, 20, com o ministro da Sa\u00fade, Gilberto Occhi, e membros da Ag\u00eancia Nacional de Sa\u00fade Suplementar (ANS) para discutir o sistema de pagamentos por \u201cpacotes\u201d que as operadoras de planos de sa\u00fade querem impor aos prestadores de servi\u00e7o. Ficou definido que a ag\u00eancia abrir\u00e1 uma c\u00e2mara de negocia\u00e7\u00e3o entre os m\u00e9dicos, o Minist\u00e9rio da Sa\u00fade e as empresas para debater o assunto, tendo a media\u00e7\u00e3o da ag\u00eancia.<\/p>\n<p>Durante a reuni\u00e3o, os interlocutores das entidades m\u00e9dicas enfatizaram pontos da RN 363\/2104 que t\u00eam sido desrespeitados pelas operadoras e refor\u00e7aram que o modelo proposto por elas trazem graves riscos aos pacientes e aos colegas.<\/p>\n<p>\u201cA oftalmologia brasileira \u00e9 considerada umas das melhores do mundo gra\u00e7as ao atendimento acurado, com ajuda de exames complementares bem indicados, prestado no pa\u00eds. N\u00e3o queremos a f\u00f3rmula de remunera\u00e7\u00e3o praticada nos Estados Unidos, baseada apenas na vis\u00e3o financeira, e n\u00e3o nos pacientes. A ANS tem que estar do lado do paciente\u201d, frisou o conselheiro do CREMERJ S\u00e9rgio Fernandes, que participou do encontro.<\/p>\n<p>Eles tamb\u00e9m falaram sobre as mais de 70 queixas protocoladas na ANS, que ainda seguem sem solu\u00e7\u00e3o.<\/p>\n<p>Frederico Penna, da Fecooeso, salientou que a ado\u00e7\u00e3o de pacotes, da forma como est\u00e1 sendo imposta, \u00e9 inclusive contra a normativa da pr\u00f3pria ANS, que fala que ao se pagar por pacote, cada item deve ter uma TUSS e o seu valor n\u00e3o pode ser diminu\u00eddo.<\/p>\n<p>\u201cO mais prejudicado com essa proposta \u00e9 o cliente do plano\u201d, destacou o secret\u00e1rio-geral do Conselho Brasileiro de Oftalmologia, Cristiano Caixeta.<\/p>\n<p>Tamb\u00e9m participaram da reuni\u00e3o o presidente da Fenam, Jorge Darze; e os representantes das sociedades brasileiras de Oftalmologia Diogo Lucena e de Retina e V\u00edtreo Anderson Teixeira; e da Cooeso Jo\u00e3o Fernandes.<\/p>\n<p>Ap\u00f3s o encontro, o consenso era de que \u00e9 fundamental que os m\u00e9dicos sigam unidos e que sejam encaminhadas \u00e0s entidades m\u00e9dicas o maior n\u00famero poss\u00edvel de queixas de cl\u00ednicas e colegas de todo o pa\u00eds para que sejam anexadas ao documento entregue ao ministro e \u00e0 ag\u00eancia.<\/p>\n<p>Reuni\u00e3o fora agendada pelo pr\u00f3prio ministro<br \/>\nO encontro desta quarta-feira havia sido agendado pelo pr\u00f3prio ministro no \u00faltimo dia 13, quando, por articula\u00e7\u00e3o do deputado Hiran Gon\u00e7alves, Occhi recebeu o grupo de m\u00e9dicos que estava em Bras\u00edlia para participar da sess\u00e3o da Comiss\u00e3o de Seguridade Social e Fam\u00edlia que tratou do tema<\/p>\n","protected":false},"excerpt":{"rendered":"<p>fonte: CREMERJ Representantes dos oftalmologistas se reuniram nesta quarta-feira, 20, com o ministro da Sa\u00fade, Gilberto Occhi, e membros da Ag\u00eancia Nacional de Sa\u00fade Suplementar (ANS) para discutir o sistema de pagamentos por \u201cpacotes\u201d que as operadoras de planos de sa\u00fade querem impor aos prestadores de servi\u00e7o. Ficou definido que a ag\u00eancia abrir\u00e1 uma c\u00e2mara [&hellip;]<\/p>\n","protected":false},"author":1,"featured_media":0,"comment_status":"closed","ping_status":"open","sticky":false,"template":"","format":"standard","meta":{"ngg_post_thumbnail":0,"footnotes":""},"categories":[2],"tags":[],"class_list":["post-5432","post","type-post","status-publish","format-standard","hentry","category-noticias"],"aioseo_notices":[],"gutentor_comment":0,"_links":{"self":[{"href":"https:\/\/sobedrj.com.br\/novo\/wp-json\/wp\/v2\/posts\/5432","targetHints":{"allow":["GET"]}}],"collection":[{"href":"https:\/\/sobedrj.com.br\/novo\/wp-json\/wp\/v2\/posts"}],"about":[{"href":"https:\/\/sobedrj.com.br\/novo\/wp-json\/wp\/v2\/types\/post"}],"author":[{"embeddable":true,"href":"https:\/\/sobedrj.com.br\/novo\/wp-json\/wp\/v2\/users\/1"}],"replies":[{"embeddable":true,"href":"https:\/\/sobedrj.com.br\/novo\/wp-json\/wp\/v2\/comments?post=5432"}],"version-history":[{"count":1,"href":"https:\/\/sobedrj.com.br\/novo\/wp-json\/wp\/v2\/posts\/5432\/revisions"}],"predecessor-version":[{"id":5434,"href":"https:\/\/sobedrj.com.br\/novo\/wp-json\/wp\/v2\/posts\/5432\/revisions\/5434"}],"wp:attachment":[{"href":"https:\/\/sobedrj.com.br\/novo\/wp-json\/wp\/v2\/media?parent=5432"}],"wp:term":[{"taxonomy":"category","embeddable":true,"href":"https:\/\/sobedrj.com.br\/novo\/wp-json\/wp\/v2\/categories?post=5432"},{"taxonomy":"post_tag","embeddable":true,"href":"https:\/\/sobedrj.com.br\/novo\/wp-json\/wp\/v2\/tags?post=5432"}],"curies":[{"name":"wp","href":"https:\/\/api.w.org\/{rel}","templated":true}]}}