{"id":5455,"date":"2018-07-03T13:01:52","date_gmt":"2018-07-03T13:01:52","guid":{"rendered":"http:\/\/sobedrj.com.br\/novo\/?p=5455"},"modified":"2018-07-03T13:01:52","modified_gmt":"2018-07-03T13:01:52","slug":"cfm-se-posiciona-sobre-materia-da-revista-superinteressante-que-aborda-erro-medico","status":"publish","type":"post","link":"https:\/\/sobedrj.com.br\/novo\/2018\/07\/03\/cfm-se-posiciona-sobre-materia-da-revista-superinteressante-que-aborda-erro-medico\/","title":{"rendered":"CFM se posiciona sobre mat\u00e9ria da revista Superinteressante que aborda erro m\u00e9dico"},"content":{"rendered":"<p>fonte: CFM<\/p>\n<p>O Conselho Federal de Medicina (CFM) divulgou, nesta quinta-feira (28), Nota de Esclarecimento \u00e0 sociedade sobre\u00a0<a href=\"http:\/\/juliogois.com\/novo\/wp-content\/uploads\/2018\/07\/superinteressante.pdf\" target=\"_blank\" rel=\"noopener noreferrer\">reportagem publicada na\u00a0edi\u00e7\u00e3o 391 da\u00a0revista Superinteressante<\/a>.\u00a0A entidade destaca a import\u00e2ncia de se tentar mensurar as falhas ocorridas nos servi\u00e7os assistenciais de sa\u00fade no Brasil e aponta que \u00e9 imprescind\u00edvel reconhecer os atores do processo, sem culpabilizar uma categoria profissional. Leia a seguir a \u00edntegra da nota, que ser\u00e1 enviada pelo Conselho Federal de Medicina \u00e0 revista Superinteressante:<\/p>\n<p><strong>NOTA DE ESCLARECIMENTO SOBRE REPORTAGEM NA REVISTA SUPERINTERESSANTE<\/strong><\/p>\n<p>O Conselho Federal de Medicina (CFM) lamenta, publicamente, o tom alarmista adotado pela reportagem &#8220;Erro m\u00e9dico&#8221;, publicada na edi\u00e7\u00e3o 391 da Revista Superinteressante. Trata-se de tema que deve ser analisado com cautela, considerando-se as defici\u00eancias de infraestrutura na assist\u00eancia no Pa\u00eds, em especial na rede p\u00fablica, e no campo da forma\u00e7\u00e3o de profissionais da \u00e1rea, m\u00e9dicos e n\u00e3o-m\u00e9dicos. No entanto, comete-se equ\u00edvoco ao tratar casos espec\u00edficos como se fossem a regra, o que gera impacto negativo na rela\u00e7\u00e3o m\u00e9dico-paciente, a qual deve ser pautada pela \u00e9tica, confian\u00e7a e respeito \u00e0 autonomia.<\/p>\n<p>Trabalhos citados, que s\u00e3o tentativas relevantes de tentar mensurar a dimens\u00e3o de problemas decorrentes de falhas do processo de atendimento ocorridas no ambiente hospitalar, se baseiam em proje\u00e7\u00e3o de dados com limites reconhecidos pelos seus autores e que, portanto, n\u00e3o permitem extrapolar resultados, como foi feito.<\/p>\n<p>Entende-se tamb\u00e9m como inadequado o uso reiterado da express\u00e3o &#8220;erro m\u00e9dico&#8221;, visto que eventuais falhas n\u00e3o s\u00e3o exclusividade de uma ou de outra categoria profissional, mas, com frequ\u00eancia, s\u00e3o o resultado de defici\u00eancias no atendimento.<\/p>\n<p>Os Conselhos de Medicina ressaltam que t\u00eam acompanhado esse tema, com o apoio de reconhecidos especialistas, na expectativa de contribuir continuamente para a melhora de fluxos e protocolos assistenciais. Al\u00e9m disso, tem apurado as den\u00fancias que surgem e reiteradamente denunciado as defici\u00eancias operacionais \u00e0s autoridades competentes.<\/p>\n<p>As entidades m\u00e9dicas entendem que avan\u00e7os concretos no atendimento em sa\u00fade no Pa\u00eds ocorrer\u00e3o apenas ap\u00f3s a ado\u00e7\u00e3o de um conjunto de a\u00e7\u00f5es, incluindo a adequada capacita\u00e7\u00e3o das equipes de assist\u00eancia e a qualifica\u00e7\u00e3o da rede p\u00fablica e privada, o aumento de investimentos, a valoriza\u00e7\u00e3o de profissionais, o aperfei\u00e7oamento da gest\u00e3o e a cria\u00e7\u00e3o de mecanismos eficazes de avalia\u00e7\u00e3o, monitoramento e controle.<\/p>\n<p>Finalmente, reiteramos o protesto dos m\u00e9dicos contra a generaliza\u00e7\u00e3o inadequada com a qual foi tratado o assunto.<\/p>\n","protected":false},"excerpt":{"rendered":"<p>fonte: CFM O Conselho Federal de Medicina (CFM) divulgou, nesta quinta-feira (28), Nota de Esclarecimento \u00e0 sociedade sobre\u00a0reportagem publicada na\u00a0edi\u00e7\u00e3o 391 da\u00a0revista Superinteressante.\u00a0A entidade destaca a import\u00e2ncia de se tentar mensurar as falhas ocorridas nos servi\u00e7os assistenciais de sa\u00fade no Brasil e aponta que \u00e9 imprescind\u00edvel reconhecer os atores do processo, sem culpabilizar uma categoria [&hellip;]<\/p>\n","protected":false},"author":1,"featured_media":5456,"comment_status":"closed","ping_status":"open","sticky":false,"template":"","format":"standard","meta":{"ngg_post_thumbnail":0,"footnotes":""},"categories":[2],"tags":[],"class_list":["post-5455","post","type-post","status-publish","format-standard","has-post-thumbnail","hentry","category-noticias"],"aioseo_notices":[],"gutentor_comment":0,"_links":{"self":[{"href":"https:\/\/sobedrj.com.br\/novo\/wp-json\/wp\/v2\/posts\/5455","targetHints":{"allow":["GET"]}}],"collection":[{"href":"https:\/\/sobedrj.com.br\/novo\/wp-json\/wp\/v2\/posts"}],"about":[{"href":"https:\/\/sobedrj.com.br\/novo\/wp-json\/wp\/v2\/types\/post"}],"author":[{"embeddable":true,"href":"https:\/\/sobedrj.com.br\/novo\/wp-json\/wp\/v2\/users\/1"}],"replies":[{"embeddable":true,"href":"https:\/\/sobedrj.com.br\/novo\/wp-json\/wp\/v2\/comments?post=5455"}],"version-history":[{"count":1,"href":"https:\/\/sobedrj.com.br\/novo\/wp-json\/wp\/v2\/posts\/5455\/revisions"}],"predecessor-version":[{"id":5457,"href":"https:\/\/sobedrj.com.br\/novo\/wp-json\/wp\/v2\/posts\/5455\/revisions\/5457"}],"wp:featuredmedia":[{"embeddable":true,"href":"https:\/\/sobedrj.com.br\/novo\/wp-json\/wp\/v2\/media\/5456"}],"wp:attachment":[{"href":"https:\/\/sobedrj.com.br\/novo\/wp-json\/wp\/v2\/media?parent=5455"}],"wp:term":[{"taxonomy":"category","embeddable":true,"href":"https:\/\/sobedrj.com.br\/novo\/wp-json\/wp\/v2\/categories?post=5455"},{"taxonomy":"post_tag","embeddable":true,"href":"https:\/\/sobedrj.com.br\/novo\/wp-json\/wp\/v2\/tags?post=5455"}],"curies":[{"name":"wp","href":"https:\/\/api.w.org\/{rel}","templated":true}]}}