{"id":5508,"date":"2018-07-09T11:10:34","date_gmt":"2018-07-09T11:10:34","guid":{"rendered":"http:\/\/sobedrj.com.br\/novo\/?p=5508"},"modified":"2018-07-13T19:55:38","modified_gmt":"2018-07-13T19:55:38","slug":"sobed-promove-curso-avancado-de-enteroscopia-por-capsula-em-agosto","status":"publish","type":"post","link":"https:\/\/sobedrj.com.br\/novo\/2018\/07\/09\/sobed-promove-curso-avancado-de-enteroscopia-por-capsula-em-agosto\/","title":{"rendered":"SOBED promove curso avan\u00e7ado de enteroscopia por c\u00e1psula em agosto"},"content":{"rendered":"<p>fonte: SOBED<\/p>\n<p style=\"font-weight: 400;\">Nos dias 17 e 18 de agosto (sexta-feira e s\u00e1bado), a SOBED promove, em S\u00e3o Paulo, o Curso\u00a0Avan\u00e7ado\u00a0de Enteroscopia por C\u00e1psula, que visa, sobretudo, atender \u00e0 necessidade dos endoscopistas que:<\/p>\n<p style=\"font-weight: 400;\">&#8211; tiveram uma forma\u00e7\u00e3o parcial em c\u00e1psula endosc\u00f3pica e desejam completar seus conhecimentos para atuar nessa \u00e1rea;<\/p>\n<p style=\"font-weight: 400;\">&#8211; pararam de fazer o exame e n\u00e3o se sentem atualmente seguros em recome\u00e7ar;<\/p>\n<p style=\"font-weight: 400;\">&#8211; realizam enteroscopia por c\u00e1psula de forma regular e buscam aprimorar seus conhecimentos;<\/p>\n<p style=\"font-weight: 400;\">&#8211; desejam conhecer e se aprofundar em c\u00e1psula endosc\u00f3pica.<\/p>\n<p style=\"font-weight: 400;\">O curso, coordenado por Admar Borges (PE), Paula Polleti (SP) e Thiago Secchi (SP), contar\u00e1 com a presen\u00e7a do renomado palestrante europeu e PhD em enteroscopia por c\u00e1psula, Jos\u00e9 Cotter, diretor do Departamento de Gastroenterologia da Universidade do Minho (Portugal).<\/p>\n<p>A taxa de inscri\u00e7\u00e3o \u00e9 de R$ 2.200 para associados quites SOBED e R$ 3.000 para n\u00e3o associados.<\/p>\n<p><a href=\"http:\/\/sobed.org.br\/Eventos\/Evento\/detalhes\/634\" target=\"_blank\" rel=\"noopener\">FA\u00c7A SUA INSCRI\u00c7\u00c3O<\/a><\/p>\n<p><a href=\"http:\/\/sistema.sobedadm.org.br\/upload\/froala\/15062018135354118e0d2b-e1b8-49f9-92bf-51790443df6c.pdf\" target=\"_blank\" rel=\"noopener\">VEJA A PROGRAMA\u00c7\u00c3O<\/a><\/p>\n","protected":false},"excerpt":{"rendered":"<p>fonte: SOBED Nos dias 17 e 18 de agosto (sexta-feira e s\u00e1bado), a SOBED promove, em S\u00e3o Paulo, o Curso\u00a0Avan\u00e7ado\u00a0de Enteroscopia por C\u00e1psula, que visa, sobretudo, atender \u00e0 necessidade dos endoscopistas que: &#8211; tiveram uma forma\u00e7\u00e3o parcial em c\u00e1psula endosc\u00f3pica e desejam completar seus conhecimentos para atuar nessa \u00e1rea; &#8211; pararam de fazer o exame [&hellip;]<\/p>\n","protected":false},"author":1,"featured_media":5509,"comment_status":"closed","ping_status":"open","sticky":false,"template":"","format":"standard","meta":{"ngg_post_thumbnail":0,"footnotes":""},"categories":[2],"tags":[],"class_list":["post-5508","post","type-post","status-publish","format-standard","has-post-thumbnail","hentry","category-noticias"],"aioseo_notices":[],"gutentor_comment":0,"_links":{"self":[{"href":"https:\/\/sobedrj.com.br\/novo\/wp-json\/wp\/v2\/posts\/5508","targetHints":{"allow":["GET"]}}],"collection":[{"href":"https:\/\/sobedrj.com.br\/novo\/wp-json\/wp\/v2\/posts"}],"about":[{"href":"https:\/\/sobedrj.com.br\/novo\/wp-json\/wp\/v2\/types\/post"}],"author":[{"embeddable":true,"href":"https:\/\/sobedrj.com.br\/novo\/wp-json\/wp\/v2\/users\/1"}],"replies":[{"embeddable":true,"href":"https:\/\/sobedrj.com.br\/novo\/wp-json\/wp\/v2\/comments?post=5508"}],"version-history":[{"count":1,"href":"https:\/\/sobedrj.com.br\/novo\/wp-json\/wp\/v2\/posts\/5508\/revisions"}],"predecessor-version":[{"id":5510,"href":"https:\/\/sobedrj.com.br\/novo\/wp-json\/wp\/v2\/posts\/5508\/revisions\/5510"}],"wp:featuredmedia":[{"embeddable":true,"href":"https:\/\/sobedrj.com.br\/novo\/wp-json\/wp\/v2\/media\/5509"}],"wp:attachment":[{"href":"https:\/\/sobedrj.com.br\/novo\/wp-json\/wp\/v2\/media?parent=5508"}],"wp:term":[{"taxonomy":"category","embeddable":true,"href":"https:\/\/sobedrj.com.br\/novo\/wp-json\/wp\/v2\/categories?post=5508"},{"taxonomy":"post_tag","embeddable":true,"href":"https:\/\/sobedrj.com.br\/novo\/wp-json\/wp\/v2\/tags?post=5508"}],"curies":[{"name":"wp","href":"https:\/\/api.w.org\/{rel}","templated":true}]}}