{"id":5512,"date":"2018-07-09T11:22:46","date_gmt":"2018-07-09T11:22:46","guid":{"rendered":"http:\/\/sobedrj.com.br\/novo\/?p=5512"},"modified":"2018-08-06T14:44:36","modified_gmt":"2018-08-06T14:44:36","slug":"prova-de-categoria-especial-do-titulo-de-especialista-em-endoscopia","status":"publish","type":"post","link":"https:\/\/sobedrj.com.br\/novo\/2018\/07\/09\/prova-de-categoria-especial-do-titulo-de-especialista-em-endoscopia\/","title":{"rendered":"Prova de Categoria Especial do T\u00edtulo de Especialista em Endoscopia\u00a0"},"content":{"rendered":"<p>fonte: SOBED<\/p>\n<p>A SOBED, em conv\u00eanio com a Associa\u00e7\u00e3o M\u00e9dica Brasileira (AMB), promove a Prova para Categoria Especial do T\u00edtulo de Especialista em Endoscopia. Realizada em 8 de setembro, aceita inscri\u00e7\u00f5es at\u00e9 31 de julho.<\/p>\n<p>Confira as qualifica\u00e7\u00f5es necess\u00e1rias para o concurso e garanta sua vaga!<\/p>\n<p>1 \u2013 Ser inscrito no Conselho Regional de Medicina;<\/p>\n<p>2 \u2013 Forma\u00e7\u00e3o m\u00e9dica at\u00e9 2003;<\/p>\n<p>3 \u2013 Exerc\u00edcio da endoscopia ou endoscopia digestiva por pelo menos oito anos;<\/p>\n<p>4 \u2013 Apresenta\u00e7\u00e3o por dois associados quites titulares SOBED em sua regi\u00e3o de trabalho, capazes de descrever suas atividades profissionais.<\/p>\n<p>Para fazer a prova n\u00e3o \u00e9 necess\u00e1rio ser associado \u00e0 SOBED, AMB ou a qualquer sociedade m\u00e9dica. Por\u00e9m, m\u00e9dicos associados \u00e0 SOBED ter\u00e3o condi\u00e7\u00f5es especiais no valor da inscri\u00e7\u00e3o.<\/p>\n<p><a href=\"http:\/\/sobed.pre-ec0643dde3.undercloud.net\/wp-content\/uploads\/2018\/05\/edital-titulo-especialista-sp-2018.pdf\" target=\"_blank\" rel=\"noopener\">CONFIRA O EDITAL<\/a><\/p>\n<p><strong>FA\u00c7A SUA INSCRI\u00c7\u00c3O:<\/strong><\/p>\n<p><a href=\"http:\/\/sobedadm.org.br\/sga\/institucional\/naosocio\/login.php\" target=\"_blank\" rel=\"noopener\">N\u00c3O ASSOCIADO SOBED<\/a><\/p>\n<p><a href=\"http:\/\/sobedadm.org.br\/sga\/institucional\/login.php\" target=\"_blank\" rel=\"noopener\">ASSOCIADO SOBED<\/a><\/p>\n","protected":false},"excerpt":{"rendered":"<p>fonte: SOBED A SOBED, em conv\u00eanio com a Associa\u00e7\u00e3o M\u00e9dica Brasileira (AMB), promove a Prova para Categoria Especial do T\u00edtulo de Especialista em Endoscopia. Realizada em 8 de setembro, aceita inscri\u00e7\u00f5es at\u00e9 31 de julho. Confira as qualifica\u00e7\u00f5es necess\u00e1rias para o concurso e garanta sua vaga! 1 \u2013 Ser inscrito no Conselho Regional de Medicina; [&hellip;]<\/p>\n","protected":false},"author":1,"featured_media":0,"comment_status":"closed","ping_status":"open","sticky":false,"template":"","format":"standard","meta":{"ngg_post_thumbnail":0,"footnotes":""},"categories":[2],"tags":[],"class_list":["post-5512","post","type-post","status-publish","format-standard","hentry","category-noticias"],"aioseo_notices":[],"gutentor_comment":0,"_links":{"self":[{"href":"https:\/\/sobedrj.com.br\/novo\/wp-json\/wp\/v2\/posts\/5512","targetHints":{"allow":["GET"]}}],"collection":[{"href":"https:\/\/sobedrj.com.br\/novo\/wp-json\/wp\/v2\/posts"}],"about":[{"href":"https:\/\/sobedrj.com.br\/novo\/wp-json\/wp\/v2\/types\/post"}],"author":[{"embeddable":true,"href":"https:\/\/sobedrj.com.br\/novo\/wp-json\/wp\/v2\/users\/1"}],"replies":[{"embeddable":true,"href":"https:\/\/sobedrj.com.br\/novo\/wp-json\/wp\/v2\/comments?post=5512"}],"version-history":[{"count":1,"href":"https:\/\/sobedrj.com.br\/novo\/wp-json\/wp\/v2\/posts\/5512\/revisions"}],"predecessor-version":[{"id":5513,"href":"https:\/\/sobedrj.com.br\/novo\/wp-json\/wp\/v2\/posts\/5512\/revisions\/5513"}],"wp:attachment":[{"href":"https:\/\/sobedrj.com.br\/novo\/wp-json\/wp\/v2\/media?parent=5512"}],"wp:term":[{"taxonomy":"category","embeddable":true,"href":"https:\/\/sobedrj.com.br\/novo\/wp-json\/wp\/v2\/categories?post=5512"},{"taxonomy":"post_tag","embeddable":true,"href":"https:\/\/sobedrj.com.br\/novo\/wp-json\/wp\/v2\/tags?post=5512"}],"curies":[{"name":"wp","href":"https:\/\/api.w.org\/{rel}","templated":true}]}}