{"id":5538,"date":"2018-07-13T09:57:53","date_gmt":"2018-07-13T09:57:53","guid":{"rendered":"http:\/\/sobedrj.com.br\/novo\/?p=5538"},"modified":"2018-07-13T19:55:11","modified_gmt":"2018-07-13T19:55:11","slug":"ans-ja-cogita-mudanca-no-calculo-do-aumento","status":"publish","type":"post","link":"https:\/\/sobedrj.com.br\/novo\/2018\/07\/13\/ans-ja-cogita-mudanca-no-calculo-do-aumento\/","title":{"rendered":"ANS j\u00e1 cogita mudan\u00e7a no c\u00e1lculo do aumento"},"content":{"rendered":"<p>fonte: O Globo<\/p>\n<p data-bind=\"text: $data\">A Ag\u00eancia Nacional de Sa\u00fade Suplementar (ANS) j\u00e1 admite rever a metodologia usada no reajustes dos planos de sa\u00fade. Nos pr\u00f3ximos dias 24 e 25, a ag\u00eancia far\u00e1 audi\u00eancia p\u00fablica a fim de receber propostas da sociedade sobre o tema. As sugest\u00f5es v\u00e3o subsidiar a diretoria, que dar\u00e1 a palavra final, informou o gerente de Regula\u00e7\u00e3o da ANS, Rafael Pedreira Vinhas, na audi\u00eancia na Comiss\u00e3o de Assuntos Sociais (CAS) do Senado.<\/p>\n<p data-bind=\"text: $data\">A sess\u00e3o foi convocada ap\u00f3s a repercuss\u00e3o das decis\u00f5es da ANS, que autorizou as operadoras a reajustarem planos individuais em at\u00e9 10% e da resolu\u00e7\u00e3o do \u00f3rg\u00e3o sobre as regras para o modelo de coparticipa\u00e7\u00e3o e franquia, no qual o usu\u00e1rios pode arcar com at\u00e9 40% do valor dos procedimentos.<\/p>\n<p data-bind=\"text: $data\">\u2014 A gente entende que h\u00e1 uma oportunidade de melhoria e por isso, a gente quer discutir com a sociedade para colher subs\u00eddios \u2014 disse Vinhas, ap\u00f3s a audi\u00eancia. \u2014 J\u00e1 temos algumas propostas, mas nada fechado. O que a gente tem que levar em considera\u00e7\u00e3o na metodologia \u00e9 como \u00e9 feita a varia\u00e7\u00e3o dos custos para que haja equil\u00edbrio entre o que os operadores t\u00eam que entregar e os consumidores t\u00eam direito.<\/p>\n<p data-bind=\"text: $data\">Vinhas explicou que o reajuste dos planos supera a infla\u00e7\u00e3o porque considera custos m\u00e9dicos e hospitalares, frequ\u00eancia de uso dos servi\u00e7os e efeito de novas tecnologias nos procedimentos. A aus\u00eancia do presidente da ANS, Leandro Fonseca da Silva, na audi\u00eancia frustrou a expectativa dos senadores.<\/p>\n<p data-bind=\"text: $data\">Existem no Congresso iniciativas contra as medidas recentes adotadas pela ANS. Uma delas \u00e9 uma proposta de decreto legislativo, de autoria do senador Humberto Costa (PT-PE), prestes a ser votada na Comiss\u00e3o de Constitui\u00e7\u00e3o e Justi\u00e7a (CCJ), que busca suspender as regras para coparticipa\u00e7\u00e3o. Se for aprovado, o projeto seguir\u00e1 para a C\u00e2mara.<\/p>\n","protected":false},"excerpt":{"rendered":"<p>fonte: O Globo A Ag\u00eancia Nacional de Sa\u00fade Suplementar (ANS) j\u00e1 admite rever a metodologia usada no reajustes dos planos de sa\u00fade. Nos pr\u00f3ximos dias 24 e 25, a ag\u00eancia far\u00e1 audi\u00eancia p\u00fablica a fim de receber propostas da sociedade sobre o tema. As sugest\u00f5es v\u00e3o subsidiar a diretoria, que dar\u00e1 a palavra final, informou [&hellip;]<\/p>\n","protected":false},"author":1,"featured_media":4364,"comment_status":"closed","ping_status":"open","sticky":false,"template":"","format":"standard","meta":{"ngg_post_thumbnail":0,"footnotes":""},"categories":[2],"tags":[],"class_list":["post-5538","post","type-post","status-publish","format-standard","has-post-thumbnail","hentry","category-noticias"],"aioseo_notices":[],"gutentor_comment":0,"_links":{"self":[{"href":"https:\/\/sobedrj.com.br\/novo\/wp-json\/wp\/v2\/posts\/5538","targetHints":{"allow":["GET"]}}],"collection":[{"href":"https:\/\/sobedrj.com.br\/novo\/wp-json\/wp\/v2\/posts"}],"about":[{"href":"https:\/\/sobedrj.com.br\/novo\/wp-json\/wp\/v2\/types\/post"}],"author":[{"embeddable":true,"href":"https:\/\/sobedrj.com.br\/novo\/wp-json\/wp\/v2\/users\/1"}],"replies":[{"embeddable":true,"href":"https:\/\/sobedrj.com.br\/novo\/wp-json\/wp\/v2\/comments?post=5538"}],"version-history":[{"count":1,"href":"https:\/\/sobedrj.com.br\/novo\/wp-json\/wp\/v2\/posts\/5538\/revisions"}],"predecessor-version":[{"id":5539,"href":"https:\/\/sobedrj.com.br\/novo\/wp-json\/wp\/v2\/posts\/5538\/revisions\/5539"}],"wp:featuredmedia":[{"embeddable":true,"href":"https:\/\/sobedrj.com.br\/novo\/wp-json\/wp\/v2\/media\/4364"}],"wp:attachment":[{"href":"https:\/\/sobedrj.com.br\/novo\/wp-json\/wp\/v2\/media?parent=5538"}],"wp:term":[{"taxonomy":"category","embeddable":true,"href":"https:\/\/sobedrj.com.br\/novo\/wp-json\/wp\/v2\/categories?post=5538"},{"taxonomy":"post_tag","embeddable":true,"href":"https:\/\/sobedrj.com.br\/novo\/wp-json\/wp\/v2\/tags?post=5538"}],"curies":[{"name":"wp","href":"https:\/\/api.w.org\/{rel}","templated":true}]}}