{"id":5548,"date":"2018-07-13T10:32:56","date_gmt":"2018-07-13T10:32:56","guid":{"rendered":"http:\/\/sobedrj.com.br\/novo\/?p=5548"},"modified":"2018-07-13T19:54:45","modified_gmt":"2018-07-13T19:54:45","slug":"numero-de-casos-de-cancer-colorretal-cresce-mundialmente","status":"publish","type":"post","link":"https:\/\/sobedrj.com.br\/novo\/2018\/07\/13\/numero-de-casos-de-cancer-colorretal-cresce-mundialmente\/","title":{"rendered":"N\u00famero de casos de c\u00e2ncer colorretal cresce mundialmente"},"content":{"rendered":"<p>fonte: SOBED<\/p>\n<p>De acordo com Relat\u00f3rio da World Cancer Research Fund (WCRF), em 2012 foram registrados cerca de 14,1 milh\u00f5es de casos de c\u00e2ncer em todo o mundo. O c\u00e2ncer colorretal foi o terceiro mais prevalente, com quase 1,4 milh\u00e3o de casos. O n\u00famero de casos dever\u00e1 alcan\u00e7ar os 24 milh\u00f5es de casos at\u00e9 2035, o que representa um alarmante aumento de 58%, se n\u00e3o forem adotados h\u00e1bitos de vida saud\u00e1veis.<\/p>\n<p><a href=\"https:\/\/www.wcrf.org\/sites\/default\/files\/Summary-third-expert-report.pdf\" target=\"_blank\" rel=\"noopener\">CONFIRA<\/a><\/p>\n","protected":false},"excerpt":{"rendered":"<p>fonte: SOBED De acordo com Relat\u00f3rio da World Cancer Research Fund (WCRF), em 2012 foram registrados cerca de 14,1 milh\u00f5es de casos de c\u00e2ncer em todo o mundo. O c\u00e2ncer colorretal foi o terceiro mais prevalente, com quase 1,4 milh\u00e3o de casos. O n\u00famero de casos dever\u00e1 alcan\u00e7ar os 24 milh\u00f5es de casos at\u00e9 2035, [&hellip;]<\/p>\n","protected":false},"author":1,"featured_media":0,"comment_status":"closed","ping_status":"open","sticky":false,"template":"","format":"standard","meta":{"ngg_post_thumbnail":0,"footnotes":""},"categories":[2],"tags":[],"class_list":["post-5548","post","type-post","status-publish","format-standard","hentry","category-noticias"],"aioseo_notices":[],"gutentor_comment":0,"_links":{"self":[{"href":"https:\/\/sobedrj.com.br\/novo\/wp-json\/wp\/v2\/posts\/5548","targetHints":{"allow":["GET"]}}],"collection":[{"href":"https:\/\/sobedrj.com.br\/novo\/wp-json\/wp\/v2\/posts"}],"about":[{"href":"https:\/\/sobedrj.com.br\/novo\/wp-json\/wp\/v2\/types\/post"}],"author":[{"embeddable":true,"href":"https:\/\/sobedrj.com.br\/novo\/wp-json\/wp\/v2\/users\/1"}],"replies":[{"embeddable":true,"href":"https:\/\/sobedrj.com.br\/novo\/wp-json\/wp\/v2\/comments?post=5548"}],"version-history":[{"count":1,"href":"https:\/\/sobedrj.com.br\/novo\/wp-json\/wp\/v2\/posts\/5548\/revisions"}],"predecessor-version":[{"id":5549,"href":"https:\/\/sobedrj.com.br\/novo\/wp-json\/wp\/v2\/posts\/5548\/revisions\/5549"}],"wp:attachment":[{"href":"https:\/\/sobedrj.com.br\/novo\/wp-json\/wp\/v2\/media?parent=5548"}],"wp:term":[{"taxonomy":"category","embeddable":true,"href":"https:\/\/sobedrj.com.br\/novo\/wp-json\/wp\/v2\/categories?post=5548"},{"taxonomy":"post_tag","embeddable":true,"href":"https:\/\/sobedrj.com.br\/novo\/wp-json\/wp\/v2\/tags?post=5548"}],"curies":[{"name":"wp","href":"https:\/\/api.w.org\/{rel}","templated":true}]}}