{"id":5580,"date":"2018-07-23T16:43:31","date_gmt":"2018-07-23T16:43:31","guid":{"rendered":"http:\/\/sobedrj.com.br\/novo\/?p=5580"},"modified":"2018-07-23T18:30:26","modified_gmt":"2018-07-23T18:30:26","slug":"agressao-a-profissionais-de-saude-ate-quando-a-impunidade-sera-tolerada","status":"publish","type":"post","link":"https:\/\/sobedrj.com.br\/novo\/2018\/07\/23\/agressao-a-profissionais-de-saude-ate-quando-a-impunidade-sera-tolerada\/","title":{"rendered":"Agress\u00e3o a profissionais de sa\u00fade: at\u00e9 quando a impunidade ser\u00e1 tolerada?"},"content":{"rendered":"<p>fonte: AMB<\/p>\n<p>O caso vivenciado m\u00e9dica Lyse Soares, de Niter\u00f3i (RJ), \u00e9 emblem\u00e1tico, pois tr\u00e1s a p\u00fablico, devidamente registrado pelas c\u00e2meras de seguran\u00e7a do hospital, a realidade que muitos profissionais da sa\u00fade vivenciam no dia a dia no exerc\u00edcio de suas atividades.<\/p>\n<p>Pesquisa realizada pelos conselhos regionais de enfermagem e de medicina de S\u00e3o Paulo revelou que sete em cada dez profissionais da sa\u00fade j\u00e1 sofreram algum tipo de constrangimento cometido por pacientes ou acompanhantes.<\/p>\n<p>Lincoln Lopes Ferreira, presidente da Associa\u00e7\u00e3o M\u00e9dica Brasileira, entrou em contato Lyse, para manifestar a solidariedade da AMB e disponibilizar a estrutura da entidade para apoi\u00e1-la, inclusive juridicamente.<\/p>\n<p>Lise considerou o apoio importante e dever\u00e1 reunir-se com Dr Lincoln, no Rio de Janeiro.<\/p>\n<p>O caso tem ocupado a m\u00eddia, com o v\u00eddeo que veio a p\u00fablico, no qual imagens da c\u00e2mera de seguran\u00e7a do Hospital Icara\u00ed registraram\u00a0 as cenas lament\u00e1veis\u00a0 acontecidas, onde pais de uma crian\u00e7a de tr\u00eas anos golpeiam a m\u00e9dica em plant\u00e3o.<\/p>\n<p>A Associa\u00e7\u00e3o M\u00e9dica Brasileira condena com veem\u00eancia, qualquer tipo de agress\u00e3o \u00e0 profissionais da sa\u00fade. Consideramos intoler\u00e1vel que uma m\u00e9dica no pleno exerc\u00edcio sua fun\u00e7\u00e3o, destinada a cuidar e proteger crian\u00e7as e adolescentes, seja agredida e seus agressores\u00a0 permane\u00e7am impunes.<\/p>\n<p>\u00c9 um panorama grave. Os m\u00e9dicos e demais profissionais da sa\u00fade vivem uma situa\u00e7\u00e3o de extrema vulnerabilidade.<\/p>\n<p>Diante deste cen\u00e1rio a Associa\u00e7\u00e3o M\u00e9dica Brasileira (AMB) prop\u00f4s e discutiu, at\u00e9 chegar ao texto final, o Projeto de Lei 7269\/2017, do Deputado Dr. Sinval Malheiros (PTN-SP), protocolado na C\u00e2mara Federal no dia 30\/03\/2017. O PL Tem o objetivo de agravar crimes contra a honra, les\u00e3o corporal, de amea\u00e7a e de desacato cometidos contra os profissionais da \u00e1rea da sa\u00fade no exerc\u00edcio de sua profiss\u00e3o, tipificando esses crimes como mais gravosos, aumentando a pena em um ter\u00e7o.<\/p>\n<p>A proposi\u00e7\u00e3o est\u00e1 Sujeita \u00e0 Aprecia\u00e7\u00e3o do Plen\u00e1rio, j\u00e1 tendo sido aprovada na Comiss\u00e3o de Constitui\u00e7\u00e3o e Justi\u00e7a e Cidadania (CCJC).<\/p>\n<p>Para dar mais for\u00e7a ao projeto, opine \u201cconcordo\u201d no site da C\u00e2mara dos Deputados:<\/p>\n<p><a href=\"https:\/\/forms.camara.leg.br\/ex\/enquetes\/2127821\">https:\/\/forms.camara.leg.br\/ex\/enquetes\/2127821<\/a><\/p>\n","protected":false},"excerpt":{"rendered":"<p>fonte: AMB O caso vivenciado m\u00e9dica Lyse Soares, de Niter\u00f3i (RJ), \u00e9 emblem\u00e1tico, pois tr\u00e1s a p\u00fablico, devidamente registrado pelas c\u00e2meras de seguran\u00e7a do hospital, a realidade que muitos profissionais da sa\u00fade vivenciam no dia a dia no exerc\u00edcio de suas atividades. Pesquisa realizada pelos conselhos regionais de enfermagem e de medicina de S\u00e3o Paulo [&hellip;]<\/p>\n","protected":false},"author":1,"featured_media":0,"comment_status":"closed","ping_status":"open","sticky":false,"template":"","format":"standard","meta":{"ngg_post_thumbnail":0,"footnotes":""},"categories":[2],"tags":[],"class_list":["post-5580","post","type-post","status-publish","format-standard","hentry","category-noticias"],"aioseo_notices":[],"gutentor_comment":0,"_links":{"self":[{"href":"https:\/\/sobedrj.com.br\/novo\/wp-json\/wp\/v2\/posts\/5580","targetHints":{"allow":["GET"]}}],"collection":[{"href":"https:\/\/sobedrj.com.br\/novo\/wp-json\/wp\/v2\/posts"}],"about":[{"href":"https:\/\/sobedrj.com.br\/novo\/wp-json\/wp\/v2\/types\/post"}],"author":[{"embeddable":true,"href":"https:\/\/sobedrj.com.br\/novo\/wp-json\/wp\/v2\/users\/1"}],"replies":[{"embeddable":true,"href":"https:\/\/sobedrj.com.br\/novo\/wp-json\/wp\/v2\/comments?post=5580"}],"version-history":[{"count":1,"href":"https:\/\/sobedrj.com.br\/novo\/wp-json\/wp\/v2\/posts\/5580\/revisions"}],"predecessor-version":[{"id":5582,"href":"https:\/\/sobedrj.com.br\/novo\/wp-json\/wp\/v2\/posts\/5580\/revisions\/5582"}],"wp:attachment":[{"href":"https:\/\/sobedrj.com.br\/novo\/wp-json\/wp\/v2\/media?parent=5580"}],"wp:term":[{"taxonomy":"category","embeddable":true,"href":"https:\/\/sobedrj.com.br\/novo\/wp-json\/wp\/v2\/categories?post=5580"},{"taxonomy":"post_tag","embeddable":true,"href":"https:\/\/sobedrj.com.br\/novo\/wp-json\/wp\/v2\/tags?post=5580"}],"curies":[{"name":"wp","href":"https:\/\/api.w.org\/{rel}","templated":true}]}}