{"id":5615,"date":"2018-07-30T09:58:03","date_gmt":"2018-07-30T09:58:03","guid":{"rendered":"http:\/\/sobedrj.com.br\/novo\/?p=5615"},"modified":"2018-07-30T09:58:03","modified_gmt":"2018-07-30T09:58:03","slug":"termina-nesta-terca-feira-prazo-para-inscricao-em-prova-de-titulo-de-especialista","status":"publish","type":"post","link":"https:\/\/sobedrj.com.br\/novo\/2018\/07\/30\/termina-nesta-terca-feira-prazo-para-inscricao-em-prova-de-titulo-de-especialista\/","title":{"rendered":"Termina nesta ter\u00e7a-feira prazo para inscri\u00e7\u00e3o em prova de T\u00edtulo de Especialista"},"content":{"rendered":"<p>fonte: SOBED<\/p>\n<p>A Sociedade Brasileira de Endoscopia Digestiva (SOBED), em conv\u00eanio com a Associa\u00e7\u00e3o M\u00e9dica Brasileira (AMB), promove a prova de Categoria Especial para obten\u00e7\u00e3o do T\u00edtulo de Especialista em Endoscopia, em 8 de setembro.<\/p>\n<p>Com inscri\u00e7\u00f5es aceitas at\u00e9 31 de julho, j\u00e1 \u00e9 poss\u00edvel conferir o edital\u00a0<a href=\"http:\/\/sobed.pre-ec0643dde3.undercloud.net\/wp-content\/uploads\/2018\/05\/edital-titulo-especialista-sp-2018.pdf\" target=\"_blank\" rel=\"noopener\">aqui<\/a><\/p>\n<p>Inscreva-se:<\/p>\n<p>N\u00e3o associado SOBED,\u00a0<a href=\"http:\/\/sobedadm.org.br\/sga\/institucional\/naosocio\/login.php\" target=\"_blank\" rel=\"noopener\">clique aqui<\/a>.<\/p>\n<p>Associado SOBED,\u00a0<a href=\"http:\/\/sobedadm.org.br\/sga\/institucional\/login.php\" target=\"_blank\" rel=\"noopener\">clique aqui<\/a>.<\/p>\n","protected":false},"excerpt":{"rendered":"<p>fonte: SOBED A Sociedade Brasileira de Endoscopia Digestiva (SOBED), em conv\u00eanio com a Associa\u00e7\u00e3o M\u00e9dica Brasileira (AMB), promove a prova de Categoria Especial para obten\u00e7\u00e3o do T\u00edtulo de Especialista em Endoscopia, em 8 de setembro. Com inscri\u00e7\u00f5es aceitas at\u00e9 31 de julho, j\u00e1 \u00e9 poss\u00edvel conferir o edital\u00a0aqui Inscreva-se: N\u00e3o associado SOBED,\u00a0clique aqui. Associado SOBED,\u00a0clique [&hellip;]<\/p>\n","protected":false},"author":1,"featured_media":5616,"comment_status":"closed","ping_status":"open","sticky":false,"template":"","format":"standard","meta":{"ngg_post_thumbnail":0,"footnotes":""},"categories":[2],"tags":[],"class_list":["post-5615","post","type-post","status-publish","format-standard","has-post-thumbnail","hentry","category-noticias"],"aioseo_notices":[],"gutentor_comment":0,"_links":{"self":[{"href":"https:\/\/sobedrj.com.br\/novo\/wp-json\/wp\/v2\/posts\/5615","targetHints":{"allow":["GET"]}}],"collection":[{"href":"https:\/\/sobedrj.com.br\/novo\/wp-json\/wp\/v2\/posts"}],"about":[{"href":"https:\/\/sobedrj.com.br\/novo\/wp-json\/wp\/v2\/types\/post"}],"author":[{"embeddable":true,"href":"https:\/\/sobedrj.com.br\/novo\/wp-json\/wp\/v2\/users\/1"}],"replies":[{"embeddable":true,"href":"https:\/\/sobedrj.com.br\/novo\/wp-json\/wp\/v2\/comments?post=5615"}],"version-history":[{"count":1,"href":"https:\/\/sobedrj.com.br\/novo\/wp-json\/wp\/v2\/posts\/5615\/revisions"}],"predecessor-version":[{"id":5617,"href":"https:\/\/sobedrj.com.br\/novo\/wp-json\/wp\/v2\/posts\/5615\/revisions\/5617"}],"wp:featuredmedia":[{"embeddable":true,"href":"https:\/\/sobedrj.com.br\/novo\/wp-json\/wp\/v2\/media\/5616"}],"wp:attachment":[{"href":"https:\/\/sobedrj.com.br\/novo\/wp-json\/wp\/v2\/media?parent=5615"}],"wp:term":[{"taxonomy":"category","embeddable":true,"href":"https:\/\/sobedrj.com.br\/novo\/wp-json\/wp\/v2\/categories?post=5615"},{"taxonomy":"post_tag","embeddable":true,"href":"https:\/\/sobedrj.com.br\/novo\/wp-json\/wp\/v2\/tags?post=5615"}],"curies":[{"name":"wp","href":"https:\/\/api.w.org\/{rel}","templated":true}]}}