{"id":5624,"date":"2018-08-01T09:33:27","date_gmt":"2018-08-01T09:33:27","guid":{"rendered":"http:\/\/sobedrj.com.br\/novo\/?p=5624"},"modified":"2018-08-06T14:46:41","modified_gmt":"2018-08-06T14:46:41","slug":"5624","status":"publish","type":"post","link":"https:\/\/sobedrj.com.br\/novo\/2018\/08\/01\/5624\/","title":{"rendered":"Recuo da ANS recoloca quest\u00e3o dos planos de sa\u00fade"},"content":{"rendered":"<p>fonte: O Globo | Editorial<\/p>\n<p data-bind=\"text: $data\">A novela dos planos de sa\u00fade n\u00e3o tem fim, muito por envolver ingredientes vitais relacionados ao bem-estar. N\u00e3o \u00e9 a primeira vez que alguma medida referente ao custo dos planos se desdobra em desaven\u00e7as judiciais.<\/p>\n<p data-bind=\"text: $data\">Esta \u00faltima, por\u00e9m, iniciada pela Resolu\u00e7\u00e3o 433, da Ag\u00eancia Nacional de Sa\u00fade Suplementar (ANS), j\u00e1 ocupa mais de um cap\u00edtulo. Baixada em junho, com o prazo de seis meses para come\u00e7ar a vigorar, a medida criou o teto de 40% do custo do procedimento m\u00e9dico, nos planos individuais, e de 60% nos empresariais, para a aplica\u00e7\u00e3o dos mecanismos de franquia e coparticipa\u00e7\u00e3o \u2014 sistema pelo qual o usu\u00e1rio complementa o pagamento de hospitais, cl\u00ednicas e m\u00e9dicos, ajudando a reduzir mensalidades.<\/p>\n<p data-bind=\"text: $data\">A justificativa da ANS para voltar atr\u00e1s \u00e9 elegante: a resolu\u00e7\u00e3o n\u00e3o foi bem aceita pela sociedade. Como tem sido obedecido um teto de 30%, os novos \u00edndices enfrentaram forte rejei\u00e7\u00e3o. A Ordem dos Advogados do Brasil (OAB) impetrou pedido de liminar no Supremo, contra ela. Aceito pela presidente da Corte, ministra C\u00e1rmen L\u00facia, no plant\u00e3o judicial.<\/p>\n<p data-bind=\"text: $data\">Mas a eleg\u00e2ncia, neste caso, de pouco serve, porque o problema do descompasso entre custo do plano de sa\u00fade e renda do segurado continua. \u201cCurar-se n\u00e3o tem pre\u00e7o\u201d \u00e9 apenas uma figura de linguagem.<\/p>\n<p data-bind=\"text: $data\">O recuo da ANS vem acompanhado do an\u00fancio de que a ag\u00eancia promover\u00e1 audi\u00eancias p\u00fablicas, em busca de f\u00f3rmulas alternativas. A iniciativa \u00e9 boa. Melhor, se for poss\u00edvel quebrar o clima de Fla-Flu que costuma cercar os debates sobre sa\u00fade p\u00fablica: \u201cpartido do SUS\u201d versus \u201cmedicina privada insens\u00edvel\u201d. Num ato de clarivid\u00eancia, o f\u00f3rum pode propor aumentar a competi\u00e7\u00e3o entre os planos, com a abertura deste mercado ao exterior.<\/p>\n<p data-bind=\"text: $data\">Equacionar a crise da sa\u00fade p\u00fablica passa por novos m\u00e9todos gerenciais e administrativos no SUS. Por mais que a palavra \u201cterceiriza\u00e7\u00e3o\u201d cause alergia ao funcionalismo p\u00fablico, n\u00e3o h\u00e1 como gerir a monstruosa m\u00e1quina da sa\u00fade p\u00fablica sem ajuda de t\u00e9cnicas da administra\u00e7\u00e3o privada.<\/p>\n<p data-bind=\"text: $data\">Um SUS eficiente atender\u00e1 uma parcela da popula\u00e7\u00e3o que termina seduzida pela ades\u00e3o a planos de sa\u00fade \u201cbons e baratos\u201d , quase uma contradi\u00e7\u00e3o em termos.<\/p>\n<p data-bind=\"text: $data\">A medicina privada tamb\u00e9m precisa racionalizar sua opera\u00e7\u00e3o, em busca de economias que devem reverter em benef\u00edcio do usu\u00e1rio.<\/p>\n<p data-bind=\"text: $data\">T\u00e3o melhor ser\u00e1 o resultado de esfor\u00e7os deste tipo, quanto mais distante a sa\u00fade ficar de embates pol\u00edticos, ideol\u00f3gicos e jur\u00eddicos. Por mais v\u00e1lidos que todos sejam.<\/p>\n<p data-bind=\"text: $data\">A OAB est\u00e1 no seu direito de reclamar na Justi\u00e7a contra pre\u00e7os de planos, enquanto a presidente do STF cumpre sua fun\u00e7\u00e3o no plant\u00e3o judicial, ao suspender liminarmente a resolu\u00e7\u00e3odaANS.Easdezenasdemilh\u00f5es de pessoas que dependem deste servi\u00e7o continuam t\u00e3o inseguras quanto antes, ou mais.<\/p>\n","protected":false},"excerpt":{"rendered":"<p>fonte: O Globo | Editorial A novela dos planos de sa\u00fade n\u00e3o tem fim, muito por envolver ingredientes vitais relacionados ao bem-estar. N\u00e3o \u00e9 a primeira vez que alguma medida referente ao custo dos planos se desdobra em desaven\u00e7as judiciais. Esta \u00faltima, por\u00e9m, iniciada pela Resolu\u00e7\u00e3o 433, da Ag\u00eancia Nacional de Sa\u00fade Suplementar (ANS), j\u00e1 [&hellip;]<\/p>\n","protected":false},"author":1,"featured_media":313,"comment_status":"closed","ping_status":"open","sticky":false,"template":"","format":"standard","meta":{"ngg_post_thumbnail":0,"footnotes":""},"categories":[4],"tags":[],"class_list":["post-5624","post","type-post","status-publish","format-standard","has-post-thumbnail","hentry","category-artigos_cientificos"],"aioseo_notices":[],"gutentor_comment":0,"_links":{"self":[{"href":"https:\/\/sobedrj.com.br\/novo\/wp-json\/wp\/v2\/posts\/5624","targetHints":{"allow":["GET"]}}],"collection":[{"href":"https:\/\/sobedrj.com.br\/novo\/wp-json\/wp\/v2\/posts"}],"about":[{"href":"https:\/\/sobedrj.com.br\/novo\/wp-json\/wp\/v2\/types\/post"}],"author":[{"embeddable":true,"href":"https:\/\/sobedrj.com.br\/novo\/wp-json\/wp\/v2\/users\/1"}],"replies":[{"embeddable":true,"href":"https:\/\/sobedrj.com.br\/novo\/wp-json\/wp\/v2\/comments?post=5624"}],"version-history":[{"count":2,"href":"https:\/\/sobedrj.com.br\/novo\/wp-json\/wp\/v2\/posts\/5624\/revisions"}],"predecessor-version":[{"id":5626,"href":"https:\/\/sobedrj.com.br\/novo\/wp-json\/wp\/v2\/posts\/5624\/revisions\/5626"}],"wp:featuredmedia":[{"embeddable":true,"href":"https:\/\/sobedrj.com.br\/novo\/wp-json\/wp\/v2\/media\/313"}],"wp:attachment":[{"href":"https:\/\/sobedrj.com.br\/novo\/wp-json\/wp\/v2\/media?parent=5624"}],"wp:term":[{"taxonomy":"category","embeddable":true,"href":"https:\/\/sobedrj.com.br\/novo\/wp-json\/wp\/v2\/categories?post=5624"},{"taxonomy":"post_tag","embeddable":true,"href":"https:\/\/sobedrj.com.br\/novo\/wp-json\/wp\/v2\/tags?post=5624"}],"curies":[{"name":"wp","href":"https:\/\/api.w.org\/{rel}","templated":true}]}}