{"id":5674,"date":"2018-08-07T11:54:35","date_gmt":"2018-08-07T11:54:35","guid":{"rendered":"http:\/\/sobedrj.com.br\/novo\/?p=5674"},"modified":"2018-08-14T11:59:54","modified_gmt":"2018-08-14T11:59:54","slug":"reuniao-cientifica-da-sobed-rj-nesta-segunda-feira-aborda-balao-intragastrico-e-endoscopia-bariatrica","status":"publish","type":"post","link":"https:\/\/sobedrj.com.br\/novo\/2018\/08\/07\/reuniao-cientifica-da-sobed-rj-nesta-segunda-feira-aborda-balao-intragastrico-e-endoscopia-bariatrica\/","title":{"rendered":"Reuni\u00e3o cient\u00edfica da SOBED-RJ \u00e9 nesta segunda-feira e aborda bal\u00e3o intrag\u00e1strico e endoscopia bari\u00e1trica"},"content":{"rendered":"<p>Est\u00e1 chegando. As atividades cient\u00edficas do 2\u00ba semestre da SOBED-RJ come\u00e7am nesta segunda-feira, dia 13, com a reuni\u00e3o cient\u00edfica de agosto,\u00a0que ocorrer\u00e1 , das 19h \u00e0s 21h, no audit\u00f3rio do centro de estudos do Hospital Samaritano, em Botafogo.<\/p>\n<p>O evento ter\u00e1 palestra do Dr. Ricardo Dib, com modera\u00e7\u00e3o do Dr. Afonso Paredes, que abordar\u00e1 <em>Bal\u00e3o intrag\u00e1strico e novas t\u00e9cnicas de endoscopia bari\u00e1trica<\/em>.<\/p>\n<p><strong>Confira a programa\u00e7\u00e3o:<\/strong><\/p>\n<p>19h \u00e0s 19h10 <strong>ABERTURA<\/strong><\/p>\n<p>19h10 \u00e0s 21h\u00a0<strong>BAL\u00c3O INTRAG\u00c1STRICO E NOVAS T\u00c9CNICAS DE ENDOSCOPIA BARI\u00c1TRICA<\/strong><\/p>\n<p><em>Dr. Ricardo Dib<\/em><\/p>\n<p><em>Moderador: Dr. Afonso Paredes<\/em><\/p>\n<p>O audit\u00f3rio do centro de estudos do Hospital Samaritano fica na Rua Assun\u00e7\u00e3o, 286, em Botafogo. Ao lado h\u00e1 um estacionamento rotativo.<\/p>\n<p><strong>SAIBA COMO CHEGAR<\/strong><\/p>\n<p style=\"text-align: center;\"><iframe loading=\"lazy\" src=\"https:\/\/www.google.com\/maps\/embed?pb=!1m18!1m12!1m3!1d3674.1192310498573!2d-43.18907698562396!3d-22.945835645032904!2m3!1f0!2f0!3f0!3m2!1i1024!2i768!4f13.1!3m3!1m2!1s0x997fec2cbc4c1f%3A0xe93615a10e38b3aa!2sRua+Assun%C3%A7%C3%A3o%2C+286+-+Botafogo%2C+Rio+de+Janeiro+-+RJ%2C+22251-030!5e0!3m2!1spt-BR!2sbr!4v1517338137267\" width=\"600\" height=\"450\" frameborder=\"0\" allowfullscreen=\"allowfullscreen\" data-mce-fragment=\"1\"><\/iframe><\/p>\n","protected":false},"excerpt":{"rendered":"<p>Est\u00e1 chegando. As atividades cient\u00edficas do 2\u00ba semestre da SOBED-RJ come\u00e7am nesta segunda-feira, dia 13, com a reuni\u00e3o cient\u00edfica de agosto,\u00a0que ocorrer\u00e1 , das 19h \u00e0s 21h, no audit\u00f3rio do centro de estudos do Hospital Samaritano, em Botafogo. O evento ter\u00e1 palestra do Dr. Ricardo Dib, com modera\u00e7\u00e3o do Dr. Afonso Paredes, que abordar\u00e1 Bal\u00e3o [&hellip;]<\/p>\n","protected":false},"author":1,"featured_media":5675,"comment_status":"closed","ping_status":"open","sticky":false,"template":"","format":"standard","meta":{"ngg_post_thumbnail":0,"footnotes":""},"categories":[2],"tags":[],"class_list":["post-5674","post","type-post","status-publish","format-standard","has-post-thumbnail","hentry","category-noticias"],"aioseo_notices":[],"gutentor_comment":0,"_links":{"self":[{"href":"https:\/\/sobedrj.com.br\/novo\/wp-json\/wp\/v2\/posts\/5674","targetHints":{"allow":["GET"]}}],"collection":[{"href":"https:\/\/sobedrj.com.br\/novo\/wp-json\/wp\/v2\/posts"}],"about":[{"href":"https:\/\/sobedrj.com.br\/novo\/wp-json\/wp\/v2\/types\/post"}],"author":[{"embeddable":true,"href":"https:\/\/sobedrj.com.br\/novo\/wp-json\/wp\/v2\/users\/1"}],"replies":[{"embeddable":true,"href":"https:\/\/sobedrj.com.br\/novo\/wp-json\/wp\/v2\/comments?post=5674"}],"version-history":[{"count":2,"href":"https:\/\/sobedrj.com.br\/novo\/wp-json\/wp\/v2\/posts\/5674\/revisions"}],"predecessor-version":[{"id":5677,"href":"https:\/\/sobedrj.com.br\/novo\/wp-json\/wp\/v2\/posts\/5674\/revisions\/5677"}],"wp:featuredmedia":[{"embeddable":true,"href":"https:\/\/sobedrj.com.br\/novo\/wp-json\/wp\/v2\/media\/5675"}],"wp:attachment":[{"href":"https:\/\/sobedrj.com.br\/novo\/wp-json\/wp\/v2\/media?parent=5674"}],"wp:term":[{"taxonomy":"category","embeddable":true,"href":"https:\/\/sobedrj.com.br\/novo\/wp-json\/wp\/v2\/categories?post=5674"},{"taxonomy":"post_tag","embeddable":true,"href":"https:\/\/sobedrj.com.br\/novo\/wp-json\/wp\/v2\/tags?post=5674"}],"curies":[{"name":"wp","href":"https:\/\/api.w.org\/{rel}","templated":true}]}}