{"id":5710,"date":"2018-08-13T15:33:35","date_gmt":"2018-08-13T15:33:35","guid":{"rendered":"http:\/\/sobedrj.com.br\/novo\/?p=5710"},"modified":"2018-08-14T14:46:45","modified_gmt":"2018-08-14T14:46:45","slug":"chapa-5-vence-eleicao-do-cremerj","status":"publish","type":"post","link":"https:\/\/sobedrj.com.br\/novo\/2018\/08\/13\/chapa-5-vence-eleicao-do-cremerj\/","title":{"rendered":"Chapa 5 vence elei\u00e7\u00e3o do CREMERJ"},"content":{"rendered":"<p>fonte: CREMERJ<\/p>\n<p style=\"text-align: center;\"><em>Na foto, os membros da chapa 5 Antonio Abilio, Walter Ventura, Margareth Portella, Marcelo Peixoto e Antonio Joaquim Werneck\u00a0<\/em><em>com o presidente do CREMERJ, Nelson Nahon (C)<\/em><\/p>\n<p>A chapa 5 \u2013 Reconstruir venceu as elei\u00e7\u00f5es do CREMERJ para a gest\u00e3o 2018-2023, com 23,2% dos votos v\u00e1lidos.<\/p>\n<p>O processo de apura\u00e7\u00e3o dos votos teve in\u00edcio pouco depois das 20h30 dessa quinta-feira, 9, tendo sido conclu\u00eddo por volta das 13h desta sexta-feira, 10.<\/p>\n<p>Concorreram ao pleito seis chapas ao todo, tendo o grupo vencedor alcan\u00e7ado 8.300 votos. Em segundo lugar ficou a chapa 1 &#8211; Valoriza\u00e7\u00e3o e Compet\u00eancia, com 6.637 mil votos (18,6%); em terceiro, a 4 &#8211; Renova Cremerj, com 5.123 votos (14,3%); em quarto, a 3 &#8211; O M\u00e9dico Primeiro, 4.029 votos (11,2%); e em quinto a 6 &#8211; Inclus\u00e3o M\u00e9dica, com 3.323 votos (9,3%). \u00a0As c\u00e9dulas nulas representaram 3,4% (1.215), e as em branco, 1,1% (399). Ao todo, 35.676 m\u00e9dicos votaram.<\/p>\n<p>Presidente da Comiss\u00e3o Eleitoral, Eduardo Bahia elogiou a vota\u00e7\u00e3o ocorrida no CREMERJ, destacando o cumprimento de todas as determina\u00e7\u00f5es da resolu\u00e7\u00e3o, com ampla transpar\u00eancia e divulga\u00e7\u00e3o de informa\u00e7\u00f5es. \u201cFoi um orgulho presidir a organiza\u00e7\u00e3o dessa elei\u00e7\u00e3o e agrade\u00e7o aos participantes de todo o processo pela dedica\u00e7\u00e3o, efici\u00eancia e lisura. Pudemos nos reunir com independ\u00eancia plena e exercer nosso trabalho sem nenhuma interfer\u00eancia\u201d, frisou.<\/p>\n<p>Ao anunciar a chapa vencedora, o presidente do CREMERJ, Nelson Nahon, agradeceu a todos os participantes e desejou sucesso aos novos gestores do Conselho.<\/p>\n<p>O processo de apura\u00e7\u00e3o das c\u00e9dulas foi acompanhado integralmente por representante do Conselho Federal de Medicina (CFM) e da Ordem dos Advogados do Brasil do Rio de Janeiro (OAB-RJ).<\/p>\n<p><a href=\"https:\/\/sistemas.cfm.org.br\/painelvotacao\/painel\/listar\/RJ\">Clique aqui\u00a0<\/a>para ver os n\u00fameros completos da vota\u00e7\u00e3o.<em>\u00a0 \u00a0 \u00a0 \u00a0 \u00a0 \u00a0 \u00a0 \u00a0 \u00a0 \u00a0<\/em><\/p>\n<p><strong><u>Reconstruir \u2013 Membros eleitos:<\/u><\/strong><\/p>\n<p>Ana Cristina Russo &#8211; Andre Costa &#8211; Antonio Abilio &#8211; Antonio Joaquim Werneck<br \/>\nAndre Luis Medeiros &#8211; Beatriz Costa &#8211; Bernardo Bicharra &#8211; Carolina Nobre<br \/>\nCelia Silva &#8211; Celso Boechat &#8211; Cesar Figueiredo &#8211; Claudio Moura &#8211; Clovis Munhoz<br \/>\nFernando Barros &#8211; Flavio Ribeiro &#8211; Guilherme Franco &#8211; Guilherme Nadais<br \/>\nGuilherme Teixeira &#8211; Gustavo Khaled &#8211; Helio Abreu &#8211; Joel Silveira Filho<br \/>\nLuiz Fernando Nunes &#8211; Luiz Zamagna &#8211; Marcelo Erthal &#8211; Marcelo Peixoto<br \/>\nMargareth Portella &#8211; Paulo Gallo &#8211; Rafaella Leal &#8211; Raphael Camara &#8211; Ricardo Azedo<br \/>\nRicardo Farias &#8211; Ricardo Cotta &#8211; Roberto Fiszman &#8211; Roberto Meirelles &#8211; Rodrigo Maia<br \/>\nRonaldo Vinagre &#8211; Romualdo Gama &#8211; Sylvio Provenzano &#8211; Walter Ventura &#8211; Yuri Salles<\/p>\n","protected":false},"excerpt":{"rendered":"<p>fonte: CREMERJ Na foto, os membros da chapa 5 Antonio Abilio, Walter Ventura, Margareth Portella, Marcelo Peixoto e Antonio Joaquim Werneck\u00a0com o presidente do CREMERJ, Nelson Nahon (C) A chapa 5 \u2013 Reconstruir venceu as elei\u00e7\u00f5es do CREMERJ para a gest\u00e3o 2018-2023, com 23,2% dos votos v\u00e1lidos. O processo de apura\u00e7\u00e3o dos votos teve in\u00edcio [&hellip;]<\/p>\n","protected":false},"author":1,"featured_media":5711,"comment_status":"closed","ping_status":"open","sticky":false,"template":"","format":"standard","meta":{"ngg_post_thumbnail":0,"footnotes":""},"categories":[2],"tags":[],"class_list":["post-5710","post","type-post","status-publish","format-standard","has-post-thumbnail","hentry","category-noticias"],"aioseo_notices":[],"gutentor_comment":0,"_links":{"self":[{"href":"https:\/\/sobedrj.com.br\/novo\/wp-json\/wp\/v2\/posts\/5710","targetHints":{"allow":["GET"]}}],"collection":[{"href":"https:\/\/sobedrj.com.br\/novo\/wp-json\/wp\/v2\/posts"}],"about":[{"href":"https:\/\/sobedrj.com.br\/novo\/wp-json\/wp\/v2\/types\/post"}],"author":[{"embeddable":true,"href":"https:\/\/sobedrj.com.br\/novo\/wp-json\/wp\/v2\/users\/1"}],"replies":[{"embeddable":true,"href":"https:\/\/sobedrj.com.br\/novo\/wp-json\/wp\/v2\/comments?post=5710"}],"version-history":[{"count":1,"href":"https:\/\/sobedrj.com.br\/novo\/wp-json\/wp\/v2\/posts\/5710\/revisions"}],"predecessor-version":[{"id":5712,"href":"https:\/\/sobedrj.com.br\/novo\/wp-json\/wp\/v2\/posts\/5710\/revisions\/5712"}],"wp:featuredmedia":[{"embeddable":true,"href":"https:\/\/sobedrj.com.br\/novo\/wp-json\/wp\/v2\/media\/5711"}],"wp:attachment":[{"href":"https:\/\/sobedrj.com.br\/novo\/wp-json\/wp\/v2\/media?parent=5710"}],"wp:term":[{"taxonomy":"category","embeddable":true,"href":"https:\/\/sobedrj.com.br\/novo\/wp-json\/wp\/v2\/categories?post=5710"},{"taxonomy":"post_tag","embeddable":true,"href":"https:\/\/sobedrj.com.br\/novo\/wp-json\/wp\/v2\/tags?post=5710"}],"curies":[{"name":"wp","href":"https:\/\/api.w.org\/{rel}","templated":true}]}}