{"id":5713,"date":"2018-08-13T15:58:13","date_gmt":"2018-08-13T15:58:13","guid":{"rendered":"http:\/\/sobedrj.com.br\/novo\/?p=5713"},"modified":"2018-08-14T14:46:38","modified_gmt":"2018-08-14T14:46:38","slug":"sobed-em-prol-da-seguranca-e-valorizacao-da-pratica-medica","status":"publish","type":"post","link":"https:\/\/sobedrj.com.br\/novo\/2018\/08\/13\/sobed-em-prol-da-seguranca-e-valorizacao-da-pratica-medica\/","title":{"rendered":"SOBED em prol da seguran\u00e7a e valoriza\u00e7\u00e3o da pr\u00e1tica m\u00e9dica"},"content":{"rendered":"<p>fonte: SOBED<\/p>\n<p style=\"font-weight: 400;\">Inscri\u00e7\u00e3o para Prova de T\u00edtulo de Especialista em Endoscopia, Categoria Especial, bate recorde e registra mais de 200 candidatos! Direcionado aos profissionais cuja realiza\u00e7\u00e3o da pr\u00e1tica endosc\u00f3pica ultrapassa oito anos, o concurso ser\u00e1 realizado em 8 de setembro, em S\u00e3o Paulo\/SP. A presidente da Comiss\u00e3o de \u00c9tica e Defesa Profissional da SOBED, Dra. Ana Zuccaro, afirma que o t\u00edtulo de especialista garante maior seguran\u00e7a a todos os envolvidos no procedimento, al\u00e9m de respaldar a pr\u00e1tica m\u00e9dica.<\/p>\n<p style=\"font-weight: 400;\">\u201c\u00c9 importante salientar que apenas m\u00e9dicos titulados por meio da prova de t\u00edtulo SOBED\/AMB ou com Certificado de Resid\u00eancia M\u00e9dica registrado no CRM podem anunciar-se como especialistas. S\u00e3o esses profissionais que possuem capacita\u00e7\u00e3o e atualiza\u00e7\u00e3o a respeito das novas tecnologias e das regras para exerc\u00edcio da especialidade\u201d, atesta Zuccaro.<\/p>\n<p style=\"font-weight: 400;\">A m\u00e9dica reconhece o expressivo n\u00famero de inscritos no concurso como reflexo da repercuss\u00e3o dos esc\u00e2ndalos m\u00e9dicos recentes que envolveram profissionais que praticavam procedimentos sem ter o t\u00edtulo de especialista, bem como ao crescimento da endoscopia no pa\u00eds. \u201cA endoscopia digestiva n\u00e3o \u00e9 mais apenas um procedimento diagn\u00f3stico, mas uma s\u00e9rie de m\u00e9todos diagn\u00f3sticos e terap\u00eauticos avan\u00e7ados e diversificados, que podem ser efetuados apenas por especialistas titulados\u201d, refor\u00e7a.<\/p>\n","protected":false},"excerpt":{"rendered":"<p>fonte: SOBED Inscri\u00e7\u00e3o para Prova de T\u00edtulo de Especialista em Endoscopia, Categoria Especial, bate recorde e registra mais de 200 candidatos! Direcionado aos profissionais cuja realiza\u00e7\u00e3o da pr\u00e1tica endosc\u00f3pica ultrapassa oito anos, o concurso ser\u00e1 realizado em 8 de setembro, em S\u00e3o Paulo\/SP. A presidente da Comiss\u00e3o de \u00c9tica e Defesa Profissional da SOBED, Dra. [&hellip;]<\/p>\n","protected":false},"author":1,"featured_media":5714,"comment_status":"closed","ping_status":"open","sticky":false,"template":"","format":"standard","meta":{"ngg_post_thumbnail":0,"footnotes":""},"categories":[2],"tags":[],"class_list":["post-5713","post","type-post","status-publish","format-standard","has-post-thumbnail","hentry","category-noticias"],"aioseo_notices":[],"gutentor_comment":0,"_links":{"self":[{"href":"https:\/\/sobedrj.com.br\/novo\/wp-json\/wp\/v2\/posts\/5713","targetHints":{"allow":["GET"]}}],"collection":[{"href":"https:\/\/sobedrj.com.br\/novo\/wp-json\/wp\/v2\/posts"}],"about":[{"href":"https:\/\/sobedrj.com.br\/novo\/wp-json\/wp\/v2\/types\/post"}],"author":[{"embeddable":true,"href":"https:\/\/sobedrj.com.br\/novo\/wp-json\/wp\/v2\/users\/1"}],"replies":[{"embeddable":true,"href":"https:\/\/sobedrj.com.br\/novo\/wp-json\/wp\/v2\/comments?post=5713"}],"version-history":[{"count":1,"href":"https:\/\/sobedrj.com.br\/novo\/wp-json\/wp\/v2\/posts\/5713\/revisions"}],"predecessor-version":[{"id":5715,"href":"https:\/\/sobedrj.com.br\/novo\/wp-json\/wp\/v2\/posts\/5713\/revisions\/5715"}],"wp:featuredmedia":[{"embeddable":true,"href":"https:\/\/sobedrj.com.br\/novo\/wp-json\/wp\/v2\/media\/5714"}],"wp:attachment":[{"href":"https:\/\/sobedrj.com.br\/novo\/wp-json\/wp\/v2\/media?parent=5713"}],"wp:term":[{"taxonomy":"category","embeddable":true,"href":"https:\/\/sobedrj.com.br\/novo\/wp-json\/wp\/v2\/categories?post=5713"},{"taxonomy":"post_tag","embeddable":true,"href":"https:\/\/sobedrj.com.br\/novo\/wp-json\/wp\/v2\/tags?post=5713"}],"curies":[{"name":"wp","href":"https:\/\/api.w.org\/{rel}","templated":true}]}}