{"id":5995,"date":"2018-10-04T15:01:07","date_gmt":"2018-10-04T15:01:07","guid":{"rendered":"http:\/\/sobedrj.com.br\/novo\/?p=5995"},"modified":"2018-10-09T17:03:30","modified_gmt":"2018-10-09T17:03:30","slug":"sbad-2018-ultimos-dias-para-inscricoes-com-valores-diferenciados","status":"publish","type":"post","link":"https:\/\/sobedrj.com.br\/novo\/2018\/10\/04\/sbad-2018-ultimos-dias-para-inscricoes-com-valores-diferenciados\/","title":{"rendered":"SBAD 2018: \u00faltimos dias para inscri\u00e7\u00f5es com valores diferenciados"},"content":{"rendered":"<p>A\u00a0XVII Semana Brasileira do Aparelho Digestivo (SBAD 2018) ser\u00e1 realizada de 17 a 20 de novembro (s\u00e1bado a ter\u00e7a-feira) no Transam\u00e9rica Expo Center, em S\u00e3o Paulo, capital.<\/p>\n<p>Ainda n\u00e3o realizou sua inscri\u00e7\u00e3o no evento? Ent\u00e3o, n\u00e3o perca tempo! As inscri\u00e7\u00f5es com valores diferenciados podem ser feitas at\u00e9 o dia 18 de outubro (quinta-feira).<\/p>\n<p><a href=\"http:\/\/sobedrj.com.br\/novo\/wp-content\/uploads\/2018\/10\/inscricao_sbad.jpg\" rel=\"lightbox[5995]\"><img loading=\"lazy\" decoding=\"async\" class=\"aligncenter wp-image-5996\" src=\"http:\/\/sobedrj.com.br\/novo\/wp-content\/uploads\/2018\/10\/inscricao_sbad.jpg\" alt=\"\" width=\"627\" height=\"307\" srcset=\"https:\/\/sobedrj.com.br\/novo\/wp-content\/uploads\/2018\/10\/inscricao_sbad.jpg 803w, https:\/\/sobedrj.com.br\/novo\/wp-content\/uploads\/2018\/10\/inscricao_sbad-300x147.jpg 300w, https:\/\/sobedrj.com.br\/novo\/wp-content\/uploads\/2018\/10\/inscricao_sbad-768x376.jpg 768w, https:\/\/sobedrj.com.br\/novo\/wp-content\/uploads\/2018\/10\/inscricao_sbad-600x294.jpg 600w\" sizes=\"auto, (max-width: 627px) 100vw, 627px\" \/><\/a><\/p>\n<p><a href=\"http:\/\/www.sbad2018.com.br\/inscricoes\/index.php#topo\" target=\"_blank\" rel=\"noopener\">FA\u00c7A SUA INSCRI\u00c7\u00c3O<\/a><\/p>\n<p><a href=\"http:\/\/www.sbad2018.com.br\/programacao\/index4_porsala_track_timeline.php#topo\" target=\"_blank\" rel=\"noopener\">CONFIRA A PROGRAMA\u00c7\u00c3O<\/a><\/p>\n<p>Em conjunto com a SBAD, tamb\u00e9m ser\u00e1 realizada a\u00a0Semana Pan-americana de Enfermidades Digestivas (SPED 2018). Os eventos s\u00e3o organizados por\u00a0tr\u00eas sociedades nacionais: a Federa\u00e7\u00e3o Brasileira de Gastroenterologia (FBG), a Sociedade Brasileira de Endoscopia Digestiva (SOBED) e o Col\u00e9gio Brasileiro de Cirurgia Digestiva (CBCD); e duas pan-americanas: a Organiza\u00e7\u00e3o Pan-americana Gastroenterologia (OPGE) e a Sociedade Interamericana de Endoscopia Digestiva (SIED). Os participantes ter\u00e3o acesso aos dois congressos simultaneamente, a SBAD e a SPED, por\u00e9m com certificados distintos e com custo \u00fanico.<\/p>\n","protected":false},"excerpt":{"rendered":"<p>A\u00a0XVII Semana Brasileira do Aparelho Digestivo (SBAD 2018) ser\u00e1 realizada de 17 a 20 de novembro (s\u00e1bado a ter\u00e7a-feira) no Transam\u00e9rica Expo Center, em S\u00e3o Paulo, capital. Ainda n\u00e3o realizou sua inscri\u00e7\u00e3o no evento? Ent\u00e3o, n\u00e3o perca tempo! As inscri\u00e7\u00f5es com valores diferenciados podem ser feitas at\u00e9 o dia 18 de outubro (quinta-feira). FA\u00c7A SUA [&hellip;]<\/p>\n","protected":false},"author":1,"featured_media":5619,"comment_status":"closed","ping_status":"open","sticky":false,"template":"","format":"standard","meta":{"ngg_post_thumbnail":0,"footnotes":""},"categories":[2],"tags":[],"class_list":["post-5995","post","type-post","status-publish","format-standard","has-post-thumbnail","hentry","category-noticias"],"aioseo_notices":[],"gutentor_comment":0,"_links":{"self":[{"href":"https:\/\/sobedrj.com.br\/novo\/wp-json\/wp\/v2\/posts\/5995","targetHints":{"allow":["GET"]}}],"collection":[{"href":"https:\/\/sobedrj.com.br\/novo\/wp-json\/wp\/v2\/posts"}],"about":[{"href":"https:\/\/sobedrj.com.br\/novo\/wp-json\/wp\/v2\/types\/post"}],"author":[{"embeddable":true,"href":"https:\/\/sobedrj.com.br\/novo\/wp-json\/wp\/v2\/users\/1"}],"replies":[{"embeddable":true,"href":"https:\/\/sobedrj.com.br\/novo\/wp-json\/wp\/v2\/comments?post=5995"}],"version-history":[{"count":1,"href":"https:\/\/sobedrj.com.br\/novo\/wp-json\/wp\/v2\/posts\/5995\/revisions"}],"predecessor-version":[{"id":5997,"href":"https:\/\/sobedrj.com.br\/novo\/wp-json\/wp\/v2\/posts\/5995\/revisions\/5997"}],"wp:featuredmedia":[{"embeddable":true,"href":"https:\/\/sobedrj.com.br\/novo\/wp-json\/wp\/v2\/media\/5619"}],"wp:attachment":[{"href":"https:\/\/sobedrj.com.br\/novo\/wp-json\/wp\/v2\/media?parent=5995"}],"wp:term":[{"taxonomy":"category","embeddable":true,"href":"https:\/\/sobedrj.com.br\/novo\/wp-json\/wp\/v2\/categories?post=5995"},{"taxonomy":"post_tag","embeddable":true,"href":"https:\/\/sobedrj.com.br\/novo\/wp-json\/wp\/v2\/tags?post=5995"}],"curies":[{"name":"wp","href":"https:\/\/api.w.org\/{rel}","templated":true}]}}