{"id":6000,"date":"2018-10-08T14:00:10","date_gmt":"2018-10-08T14:00:10","guid":{"rendered":"http:\/\/sobedrj.com.br\/novo\/?p=6000"},"modified":"2018-10-09T17:03:21","modified_gmt":"2018-10-09T17:03:21","slug":"menos-desigualdade-e-mais-saude","status":"publish","type":"post","link":"https:\/\/sobedrj.com.br\/novo\/2018\/10\/08\/menos-desigualdade-e-mais-saude\/","title":{"rendered":"Menos desigualdade e mais sa\u00fade"},"content":{"rendered":"<p>fonte: CFM<\/p>\n<p>por\u00a0<em>Carlos Vital Tavares Corr\u00eaa Lima &#8211;\u00a0presidente do Conselho Federal de Medicina (CFM).<\/em><\/p>\n<p>Entre dezembro de 2014 e dezembro de 2017, o crescimento do n\u00famero de brasileiros inclu\u00eddos na linha de pobreza foi de 33%. O Centro de Pol\u00edticas Sociais da Funda\u00e7\u00e3o Get\u00falio Vargas (FGV) estima que esse percentual passou de 8,38% para 11,18% do total da popula\u00e7\u00e3o brasileira. C\u00e1lculos apontam que, nesse per\u00edodo, 6,27 milh\u00f5es de pessoas perderam emprego e renda, elevando para 23,3 milh\u00f5es a quantidade de pobres no Pa\u00eds. Os inseridos nesse grupo possuem uma renda per capita mensal de R$ 233,00, o correspondente a 24% do sal\u00e1rio m\u00ednimo (R$ 954,00).<\/p>\n<p>Os analistas relacionam o empobrecimento da popula\u00e7\u00e3o \u00e0 crise econ\u00f4mica, acirrada pelo fechamento de postos de trabalho, queda no n\u00edvel de renda e aumento da informalidade nas rela\u00e7\u00f5es de mercado.<\/p>\n<p>De acordo com o IBGE, no Brasil, o desemprego atinge atualmente 12,9 milh\u00f5es de pessoas (12,3% da popula\u00e7\u00e3o ativa). Os reveses econ\u00f4micos tamb\u00e9m afetaram outros 4,8 milh\u00f5es de indiv\u00edduos que, em fun\u00e7\u00e3o das dificuldades encontradas no mercado de trabalho, desistiram de procurar emprego.<\/p>\n<p>O IBGE ainda aponta queda de renda m\u00e9dia entre todos os grupos em idade ativa. Entre 2015 e 2018, a perda acumulada \u00e9 de 3,44%. Os mais jovens t\u00eam recebido o maior impacto: quedas de 20,1%, na popula\u00e7\u00e3o com idades entre 15 e 19 anos, e de 13,94% na faixa de 20 a 24 anos. Tamb\u00e9m t\u00eam sido afetados com diminui\u00e7\u00e3o de rendimentos os que possuem apenas o ensino m\u00e9dio incompleto (perda de 11,65%) e os chefes de fam\u00edlia (-10,38%).<\/p>\n<p>A desigualdade econ\u00f4mica, agravada pela dificuldade de acesso a servi\u00e7os essenciais, \u00e9 uma realidade no Brasil. O \u00faltimo Relat\u00f3rio de Desenvolvimento Humano (RDH) do Programa das Na\u00e7\u00f5es Unidas para o Desenvolvimento (Pnud) coloca o Brasil como o 10\u00ba pa\u00eds mais desigual do mundo, num ranking de mais de 140 pa\u00edses. Um estudo de 2017 da organiza\u00e7\u00e3o internacional Oxfam aponta que os seis maiores bilion\u00e1rios brasileiros t\u00eam riqueza equivalente \u00e0 da metade mais pobre da popula\u00e7\u00e3o.<\/p>\n<p>Esse diagn\u00f3stico refor\u00e7a a gravidade do cen\u00e1rio que espera pelo novo governo, em 2019, o qual dever\u00e1 abra\u00e7ar o compromisso de erradica\u00e7\u00e3o da pobreza. A dif\u00edcil equa\u00e7\u00e3o implicar\u00e1 na ado\u00e7\u00e3o de medidas que promovam a retomada do crescimento econ\u00f4mico com outras que assegurem o combate \u00e0s desigualdades sociais.<\/p>\n<p>Por essa perspectiva, a sa\u00fade, assim como saneamento, educa\u00e7\u00e3o e seguran\u00e7a p\u00fablica, \u00e9 uma das \u00e1reas que dever\u00e1 merecer aten\u00e7\u00e3o especial por parte da Uni\u00e3o. Manter as \u00e1reas sociais em pleno funcionamento e com capacidade de investimentos \u00e9 ponto fulcral para o desenvolvimento da Na\u00e7\u00e3o de modo respons\u00e1vel e sustent\u00e1vel.<\/p>\n<p>Sem esse cuidado, a pobreza e a desigualdade se manter\u00e3o, gerando efeitos delet\u00e9rios. Dentre eles, o aumento nos \u00edndices de viol\u00eancia e a desacelera\u00e7\u00e3o no crescimento, estabelecendo-se um clima de falta de perspectivas e de oportunidades que comprometem a harmonia coletiva. Historicamente, os m\u00e9dicos t\u00eam sido defensores de uma sociedade mais \u00e9tica e justa. No Brasil, t\u00eam agido dessa forma ao longo dos s\u00e9culos, em especial em favor da implanta\u00e7\u00e3o de pol\u00edticas p\u00fablicas desenvolvidas com planejamento e de modo estruturante. O Sistema \u00danico de Sa\u00fade (SUS) \u00e9 um dos principais exemplos dessa preocupa\u00e7\u00e3o.<\/p>\n<p>Por conta desse engajamento, a categoria, atrav\u00e9s de suas entidades representativas nacionais, tem apresentado aos principais tomadores de decis\u00e3o o Manifesto dos M\u00e9dicos em Defesa da Sa\u00fade, composto por medidas exequ\u00edveis em curto, m\u00e9dio e longo prazos, elaboradas a partir das conclus\u00f5es do XIII Encontro Nacional das Entidades M\u00e9dicas (Enem), realizado em 26 e 27 de junho, em Bras\u00edlia (DF).<\/p>\n<p>A implementa\u00e7\u00e3o dessas propostas assegurar\u00e1 direitos dos pacientes, aperfei\u00e7oamento da assist\u00eancia e qualidade no exerc\u00edcio da medicina, num movimento positivo que ajudar\u00e1 no combate aos efeitos da pobreza.<br \/>\nCabe aos pol\u00edticos perceberem a oportunidade de construir uma nova realidade a partir da ado\u00e7\u00e3o dessas medidas, um compromisso que ser\u00e1 monitorado pelos m\u00e9dicos e pelos cidad\u00e3os preocupados com a valoriza\u00e7\u00e3o da \u00e9tica, da cidadania, da sa\u00fade e da vida.<\/p>\n","protected":false},"excerpt":{"rendered":"<p>fonte: CFM por\u00a0Carlos Vital Tavares Corr\u00eaa Lima &#8211;\u00a0presidente do Conselho Federal de Medicina (CFM). Entre dezembro de 2014 e dezembro de 2017, o crescimento do n\u00famero de brasileiros inclu\u00eddos na linha de pobreza foi de 33%. O Centro de Pol\u00edticas Sociais da Funda\u00e7\u00e3o Get\u00falio Vargas (FGV) estima que esse percentual passou de 8,38% para 11,18% [&hellip;]<\/p>\n","protected":false},"author":1,"featured_media":0,"comment_status":"closed","ping_status":"open","sticky":false,"template":"","format":"standard","meta":{"ngg_post_thumbnail":0,"footnotes":""},"categories":[2],"tags":[],"class_list":["post-6000","post","type-post","status-publish","format-standard","hentry","category-noticias"],"aioseo_notices":[],"gutentor_comment":0,"_links":{"self":[{"href":"https:\/\/sobedrj.com.br\/novo\/wp-json\/wp\/v2\/posts\/6000","targetHints":{"allow":["GET"]}}],"collection":[{"href":"https:\/\/sobedrj.com.br\/novo\/wp-json\/wp\/v2\/posts"}],"about":[{"href":"https:\/\/sobedrj.com.br\/novo\/wp-json\/wp\/v2\/types\/post"}],"author":[{"embeddable":true,"href":"https:\/\/sobedrj.com.br\/novo\/wp-json\/wp\/v2\/users\/1"}],"replies":[{"embeddable":true,"href":"https:\/\/sobedrj.com.br\/novo\/wp-json\/wp\/v2\/comments?post=6000"}],"version-history":[{"count":1,"href":"https:\/\/sobedrj.com.br\/novo\/wp-json\/wp\/v2\/posts\/6000\/revisions"}],"predecessor-version":[{"id":6002,"href":"https:\/\/sobedrj.com.br\/novo\/wp-json\/wp\/v2\/posts\/6000\/revisions\/6002"}],"wp:attachment":[{"href":"https:\/\/sobedrj.com.br\/novo\/wp-json\/wp\/v2\/media?parent=6000"}],"wp:term":[{"taxonomy":"category","embeddable":true,"href":"https:\/\/sobedrj.com.br\/novo\/wp-json\/wp\/v2\/categories?post=6000"},{"taxonomy":"post_tag","embeddable":true,"href":"https:\/\/sobedrj.com.br\/novo\/wp-json\/wp\/v2\/tags?post=6000"}],"curies":[{"name":"wp","href":"https:\/\/api.w.org\/{rel}","templated":true}]}}