{"id":6003,"date":"2018-10-08T14:46:46","date_gmt":"2018-10-08T14:46:46","guid":{"rendered":"http:\/\/sobedrj.com.br\/novo\/?p=6003"},"modified":"2018-10-09T17:03:11","modified_gmt":"2018-10-09T17:03:11","slug":"nova-diretoria-do-cremerj-toma-posse","status":"publish","type":"post","link":"https:\/\/sobedrj.com.br\/novo\/2018\/10\/08\/nova-diretoria-do-cremerj-toma-posse\/","title":{"rendered":"Nova diretoria do CREMERJ toma posse"},"content":{"rendered":"<p>fonte: CREMERJ<\/p>\n<p>A primeira plen\u00e1ria da nova administra\u00e7\u00e3o do CRM ap\u00f3s a elei\u00e7\u00e3o da Chapa 5 \u2013 Reconstruir foi realizada nesta segunda-feira, 1\u00ba de outubro. Na reuni\u00e3o, foi votada a composi\u00e7\u00e3o da nova diretoria, que j\u00e1 foi oficializada por meio de registro em ata, a ser publicada no Di\u00e1rio Oficial. O grupo eleito ser\u00e1 presidido por Sylvio Provenzano, que na ocasi\u00e3o destacou os desafios que a equipe tem pela frente e se comprometeu em lutar por boas condi\u00e7\u00f5es de trabalho para a categoria m\u00e9dica.<\/p>\n<p>\u201cNosso desafio \u00e9 fazer diferente. Vivemos os problemas da sa\u00fade e vemos a discrep\u00e2ncia terr\u00edvel entre o p\u00fablico e o privado. \u00c9 preciso aproximar mais os dois. Esse \u00e9 um compromisso pessoal meu. Vamos lutar pela sa\u00fade p\u00fablica com dignidade. Vamos lutar para que os m\u00e9dicos sejam mais respeitados\u201d, afirmou o novo presidente, ressaltando tamb\u00e9m a import\u00e2ncia de defender o ato m\u00e9dico.<\/p>\n<p>A plen\u00e1ria foi aberta pelo antigo presidente, Nelson Nahon, que salientou o momento de crise na sa\u00fade e a import\u00e2ncia das a\u00e7\u00f5es do CREMERJ nesse sentido. Ele tamb\u00e9m desejou sucesso \u00e0 nova gest\u00e3o.<\/p>\n<p>Al\u00e9m de votarem a composi\u00e7\u00e3o da nova dire\u00e7\u00e3o, os novos conselheiros aprovaram tamb\u00e9m os nomes para a Comiss\u00e3o de Tomada de Contas e decidiram que os mandatos dessa gest\u00e3o se dar\u00e3o em per\u00edodos de 20 meses, totalizando tr\u00eas composi\u00e7\u00f5es de diretoria no per\u00edodo de cinco anos.<\/p>\n<p>A pr\u00f3xima plen\u00e1ria foi marcada para o dia 4 de outubro e debater\u00e1, entre outros temas, as seccionais e as C\u00e2maras T\u00e9cnicas do Conselho.<\/p>\n<p>Confira abaixo a composi\u00e7\u00e3o da nova diretoria do CREMERJ e da Comiss\u00e3o de Tomada de Contas:<\/p>\n<p><strong>Diretoria 2018-2020<\/strong><\/p>\n<p>Presidente:\u00a0<a href=\"https:\/\/www.cremerj.org.br\/diretores\/exibe\/210\">Sylvio S\u00e9rgio Neves Provenzano<\/a><\/p>\n<p>Primeira Vice-Presidente:\u00a0<a href=\"https:\/\/www.cremerj.org.br\/diretores\/exibe\/212\">C\u00e9lia Regina da Silva<\/a><\/p>\n<p>Segundo Vice-Presidente:\u00a0<a href=\"https:\/\/www.cremerj.org.br\/diretores\/exibe\/213\">Ricardo Azedo de Luca Montes<\/a><\/p>\n<p>Secret\u00e1ria Geral:\u00a0<a href=\"https:\/\/www.cremerj.org.br\/diretores\/exibe\/216\">Rafaella Braga Leal Reis<\/a><\/p>\n<p>Primeiro Secret\u00e1rio:\u00a0<a href=\"https:\/\/www.cremerj.org.br\/diretores\/exibe\/221\">Ricardo Farias J\u00fanior<\/a><\/p>\n<p>Segunda Secret\u00e1ria:\u00a0<a href=\"https:\/\/www.cremerj.org.br\/diretores\/exibe\/222\">Beatriz Rodrigues Abreu da Costa<\/a><\/p>\n<p>Diretor de Seccionais e Subsedes:\u00a0<a href=\"https:\/\/www.cremerj.org.br\/diretores\/exibe\/219\">Carlos Romualdo Barboza Gama<\/a><\/p>\n<p>Tesoureiro:\u00a0<a href=\"https:\/\/www.cremerj.org.br\/diretores\/exibe\/217\">Flavio Antonio de S\u00e1 Ribeiro<\/a><\/p>\n<p>Segundo Tesoureiro:\u00a0<a href=\"https:\/\/www.cremerj.org.br\/diretores\/exibe\/214\">Luiz Fernando Nunes<\/a><\/p>\n<p>Corregedor:\u00a0<a href=\"https:\/\/www.cremerj.org.br\/diretores\/exibe\/218\">Lu\u00eds Guilherme Teixeira dos Santos<\/a><\/p>\n<p>Vice-Corregedor:\u00a0<a href=\"https:\/\/www.cremerj.org.br\/diretores\/exibe\/220\">Celso Eduardo Jandre Boechat<\/a><\/p>\n<p><strong>Comiss\u00e3o de tomada de contas<\/strong><\/p>\n<p>Efetivos: Cl\u00e1udio Moura, Cl\u00f3vis Munhoz e Ricardo Cotta<\/p>\n<p>Suplentes: Bernardo Bicharra, Andr\u00e9 Lu\u00eds Medeiros e Rodrigo Maia<\/p>\n","protected":false},"excerpt":{"rendered":"<p>fonte: CREMERJ A primeira plen\u00e1ria da nova administra\u00e7\u00e3o do CRM ap\u00f3s a elei\u00e7\u00e3o da Chapa 5 \u2013 Reconstruir foi realizada nesta segunda-feira, 1\u00ba de outubro. Na reuni\u00e3o, foi votada a composi\u00e7\u00e3o da nova diretoria, que j\u00e1 foi oficializada por meio de registro em ata, a ser publicada no Di\u00e1rio Oficial. O grupo eleito ser\u00e1 presidido [&hellip;]<\/p>\n","protected":false},"author":1,"featured_media":6004,"comment_status":"closed","ping_status":"open","sticky":false,"template":"","format":"standard","meta":{"ngg_post_thumbnail":0,"footnotes":""},"categories":[2],"tags":[],"class_list":["post-6003","post","type-post","status-publish","format-standard","has-post-thumbnail","hentry","category-noticias"],"aioseo_notices":[],"gutentor_comment":0,"_links":{"self":[{"href":"https:\/\/sobedrj.com.br\/novo\/wp-json\/wp\/v2\/posts\/6003","targetHints":{"allow":["GET"]}}],"collection":[{"href":"https:\/\/sobedrj.com.br\/novo\/wp-json\/wp\/v2\/posts"}],"about":[{"href":"https:\/\/sobedrj.com.br\/novo\/wp-json\/wp\/v2\/types\/post"}],"author":[{"embeddable":true,"href":"https:\/\/sobedrj.com.br\/novo\/wp-json\/wp\/v2\/users\/1"}],"replies":[{"embeddable":true,"href":"https:\/\/sobedrj.com.br\/novo\/wp-json\/wp\/v2\/comments?post=6003"}],"version-history":[{"count":1,"href":"https:\/\/sobedrj.com.br\/novo\/wp-json\/wp\/v2\/posts\/6003\/revisions"}],"predecessor-version":[{"id":6005,"href":"https:\/\/sobedrj.com.br\/novo\/wp-json\/wp\/v2\/posts\/6003\/revisions\/6005"}],"wp:featuredmedia":[{"embeddable":true,"href":"https:\/\/sobedrj.com.br\/novo\/wp-json\/wp\/v2\/media\/6004"}],"wp:attachment":[{"href":"https:\/\/sobedrj.com.br\/novo\/wp-json\/wp\/v2\/media?parent=6003"}],"wp:term":[{"taxonomy":"category","embeddable":true,"href":"https:\/\/sobedrj.com.br\/novo\/wp-json\/wp\/v2\/categories?post=6003"},{"taxonomy":"post_tag","embeddable":true,"href":"https:\/\/sobedrj.com.br\/novo\/wp-json\/wp\/v2\/tags?post=6003"}],"curies":[{"name":"wp","href":"https:\/\/api.w.org\/{rel}","templated":true}]}}