{"id":6006,"date":"2018-10-08T14:54:44","date_gmt":"2018-10-08T14:54:44","guid":{"rendered":"http:\/\/sobedrj.com.br\/novo\/?p=6006"},"modified":"2018-10-09T17:03:02","modified_gmt":"2018-10-09T17:03:02","slug":"opiniao-do-associado-sobed-pode-ser-decisiva-em-discussoes-da-ans","status":"publish","type":"post","link":"https:\/\/sobedrj.com.br\/novo\/2018\/10\/08\/opiniao-do-associado-sobed-pode-ser-decisiva-em-discussoes-da-ans\/","title":{"rendered":"Opini\u00e3o do associado SOBED pode ser decisiva em discuss\u00f5es da ANS"},"content":{"rendered":"<p>fonte: SOBED<\/p>\n<p style=\"font-weight: 400;\">A Dra. Ana Maria Zuccaro, presidente da Comiss\u00e3o de \u00c9tica, Defesa Profissional e Honor\u00e1rios M\u00e9dicos da SOBED, esteve mais uma vez representando a Sociedade e a especialidade. Agora, a SOBED busca especialistas que queiram cumprir a fun\u00e7\u00e3o de m\u00e9dico-desempatador para decidir quest\u00f5es referentes \u00e0 endoscopia.<\/p>\n<p style=\"font-weight: 400;\">A\u00a0<a href=\"http:\/\/www.ans.gov.br\/component\/legislacao\/?view=legislacao&amp;task=TextoLei&amp;format=raw&amp;id=MzQzOQ==\">Resolu\u00e7\u00e3o Normativa \u2013 RN n.\u00ba 424, de 26 de junho de 2017<\/a>\u00a0disp\u00f5e sobre crit\u00e9rios para a realiza\u00e7\u00e3o de junta m\u00e9dica ou odontol\u00f3gica formada para dirimir diverg\u00eancias t\u00e9cnico-assistenciais sobre procedimento ou evento em sa\u00fade a ser coberto pelas operadoras de plano de assist\u00eancia \u00e0 sa\u00fade. Nesta resolu\u00e7\u00e3o, cabe a presen\u00e7a de um m\u00e9dico-desempatador especialista, que n\u00e3o poder\u00e1 ser realizada \u00e0 dist\u00e2ncia, cuja opini\u00e3o cl\u00ednica decidir\u00e1 a discord\u00e2ncia.<\/p>\n<p style=\"font-weight: 400;\">Desta forma, a SOBED passar\u00e1 a formar um cadastro de especialistas dispostos a atuar nessa fun\u00e7\u00e3o nos diversos estados. No momento do recadastramento*, o associado SOBED poder\u00e1 sinalizar se tem interesse em participar e colaborar com decis\u00f5es importantes que dizem respeito ao futuro da especialidade.\u00a0Esse banco de dados de especialistas dispostos a atuarem\u00a0como desempatador de quest\u00f5es t\u00e9cnico-assistenciais nos diversos estados,\u00a0tamb\u00e9m ser\u00e1 disponibilizado para a AMB.<\/p>\n<p style=\"font-weight: 400;\">*O recadastramento ocorrer\u00e1 de 10\/10 a 30\/11.<\/p>\n","protected":false},"excerpt":{"rendered":"<p>fonte: SOBED A Dra. Ana Maria Zuccaro, presidente da Comiss\u00e3o de \u00c9tica, Defesa Profissional e Honor\u00e1rios M\u00e9dicos da SOBED, esteve mais uma vez representando a Sociedade e a especialidade. Agora, a SOBED busca especialistas que queiram cumprir a fun\u00e7\u00e3o de m\u00e9dico-desempatador para decidir quest\u00f5es referentes \u00e0 endoscopia. A\u00a0Resolu\u00e7\u00e3o Normativa \u2013 RN n.\u00ba 424, de 26 [&hellip;]<\/p>\n","protected":false},"author":1,"featured_media":0,"comment_status":"closed","ping_status":"open","sticky":false,"template":"","format":"standard","meta":{"ngg_post_thumbnail":0,"footnotes":""},"categories":[2],"tags":[],"class_list":["post-6006","post","type-post","status-publish","format-standard","hentry","category-noticias"],"aioseo_notices":[],"gutentor_comment":0,"_links":{"self":[{"href":"https:\/\/sobedrj.com.br\/novo\/wp-json\/wp\/v2\/posts\/6006","targetHints":{"allow":["GET"]}}],"collection":[{"href":"https:\/\/sobedrj.com.br\/novo\/wp-json\/wp\/v2\/posts"}],"about":[{"href":"https:\/\/sobedrj.com.br\/novo\/wp-json\/wp\/v2\/types\/post"}],"author":[{"embeddable":true,"href":"https:\/\/sobedrj.com.br\/novo\/wp-json\/wp\/v2\/users\/1"}],"replies":[{"embeddable":true,"href":"https:\/\/sobedrj.com.br\/novo\/wp-json\/wp\/v2\/comments?post=6006"}],"version-history":[{"count":1,"href":"https:\/\/sobedrj.com.br\/novo\/wp-json\/wp\/v2\/posts\/6006\/revisions"}],"predecessor-version":[{"id":6008,"href":"https:\/\/sobedrj.com.br\/novo\/wp-json\/wp\/v2\/posts\/6006\/revisions\/6008"}],"wp:attachment":[{"href":"https:\/\/sobedrj.com.br\/novo\/wp-json\/wp\/v2\/media?parent=6006"}],"wp:term":[{"taxonomy":"category","embeddable":true,"href":"https:\/\/sobedrj.com.br\/novo\/wp-json\/wp\/v2\/categories?post=6006"},{"taxonomy":"post_tag","embeddable":true,"href":"https:\/\/sobedrj.com.br\/novo\/wp-json\/wp\/v2\/tags?post=6006"}],"curies":[{"name":"wp","href":"https:\/\/api.w.org\/{rel}","templated":true}]}}