{"id":6108,"date":"2018-10-22T11:00:41","date_gmt":"2018-10-22T11:00:41","guid":{"rendered":"http:\/\/sobedrj.com.br\/novo\/?p=6108"},"modified":"2018-10-30T09:38:04","modified_gmt":"2018-10-30T09:38:04","slug":"ma-gestao-na-saude-amplia-as-desigualdades","status":"publish","type":"post","link":"https:\/\/sobedrj.com.br\/novo\/2018\/10\/22\/ma-gestao-na-saude-amplia-as-desigualdades\/","title":{"rendered":"M\u00e1 gest\u00e3o na sa\u00fade amplia as desigualdades"},"content":{"rendered":"<p>fonte: O Globo<\/p>\n<p>Editorial<\/p>\n<p data-bind=\"text: $data\">\u00c9 sabido que o pa\u00eds gasta muito mal e de forma injusta em sa\u00fade. O Banco Mundial, por exemplo, estima perdas anuais equivalentes a 0,3% do Produto Interno Bruto apenas por m\u00e1 gest\u00e3o, enquanto outros 0,3% do PIB se esvaem sob a forma de subs\u00eddios estatais \u00e0s despesas privadas com sa\u00fade.<\/p>\n<p data-bind=\"text: $data\">Um retrato dos desperd\u00edcios por m\u00e1 gest\u00e3o est\u00e1 na exist\u00eancia de 2.185 unidades de sa\u00fade prontas, mas que n\u00e3o funcionam, como revelou a GloboNews na semana passada.<\/p>\n<p data-bind=\"text: $data\">Elas atestam a transforma\u00e7\u00e3o da sa\u00fade em canteiro de obras de ocasi\u00e3o: pr\u00e9dios s\u00e3o erguidos, equipamentos, comprados e unidades, inauguradas \u2014 de prefer\u00eancia em temporadas eleitorais \u2014, e acabam fechadas ao p\u00fablico, por falta de pessoal e de recursos para manuten\u00e7\u00e3o.<\/p>\n<p data-bind=\"text: $data\">Est\u00e3o trancadas 218 Unidades de Pronto Atendimento (UPAs) e 1.967 Unidades B\u00e1sicas de Sa\u00fade (UBS) na Bahia, em S\u00e3o Paulo, no Maranh\u00e3o, no Cear\u00e1 e em Minas. Custaram mais de R$ 1 bilh\u00e3o. Mais grave: o n\u00famero de UPAs e UBS conclu\u00eddas, por\u00e9m inoperantes, aumentou 93% no \u00faltimo semestre.<\/p>\n<p data-bind=\"text: $data\">Trata-se de uma s\u00edntese do absurdo em governan\u00e7a num pa\u00eds em que sete de cada dez cidad\u00e3os dependem integralmente da assist\u00eancia nos servi\u00e7os p\u00fablicos de sa\u00fade, conforme dados do Instituto Brasileiro de Geografia e Estat\u00edstica (IBGE).<\/p>\n<p data-bind=\"text: $data\">Significa que mais de 145 milh\u00f5es de pessoas t\u00eam no Sistema \u00danico de Sa\u00fade (SUS) a \u00fanica forma de acesso a tratamento m\u00e9dico e hospitalar. Ou seja, o n\u00famero de brasileiros dependentes da rede p\u00fablica de sa\u00fade \u00e9 20% maior, por exemplo, do que a popula\u00e7\u00e3o do M\u00e9xico e do Jap\u00e3o.<\/p>\n<p data-bind=\"text: $data\">A m\u00e1 gest\u00e3o do sistema \u00e9 inaceit\u00e1vel. Ela facilita outras formas de desperd\u00edcio de recursos p\u00fablicos. Na cidade do Rio, por exemplo,existem 341 leitos de interna\u00e7\u00e3o hospitalar que n\u00e3o est\u00e3o sendo usados, como constatou o Minist\u00e9rio P\u00fablico. Est\u00e3o distribu\u00eddos em oito hospitais diferentes. Quem procura tratamento nessas unidades acaba em filas improvisadas nos corredores das se\u00e7\u00f5es de emerg\u00eancia.<\/p>\n<p data-bind=\"text: $data\">\u00c9 necess\u00e1ria e urgente uma ampla revis\u00e3o do Sistema \u00danico de Sa\u00fade, na perspectiva do interesse coletivo. Deveria ser \u201cprioridade zero\u201d de governos estaduais, partidos pol\u00edticos e candidatos \u00e0 Presid\u00eancia da Rep\u00fablica, porque \u00e9, principalmente, um fator decisivo para a redu\u00e7\u00e3o das desigualdades sociais.<\/p>\n<p data-bind=\"text: $data\">\u00c9 escapismo atribuir a g\u00eanese da baixa efici\u00eancia dos servi\u00e7os p\u00fablicos de sa\u00fade a um subfinanciamento do sistema. Ele existe, mas n\u00e3o explica a inefic\u00e1cia da burocracia, loteada por partidos na \u00faltima d\u00e9cada e meia. Argumentar com o subfinanciamento se tornou um artif\u00edcio ret\u00f3rico de uso recorrente, \u00fatil apenas para encobrir o descaso na gest\u00e3o do dinheiro p\u00fablico.<\/p>\n<p data-bind=\"text: $data\">A crise na sa\u00fade precisa de a\u00e7\u00e3o objetiva e inovadora, focada na melhoria administrativa, que pode ser compartilhada com organiza\u00e7\u00f5es sociais e empresas privadas especializadas.<\/p>\n","protected":false},"excerpt":{"rendered":"<p>fonte: O Globo Editorial \u00c9 sabido que o pa\u00eds gasta muito mal e de forma injusta em sa\u00fade. O Banco Mundial, por exemplo, estima perdas anuais equivalentes a 0,3% do Produto Interno Bruto apenas por m\u00e1 gest\u00e3o, enquanto outros 0,3% do PIB se esvaem sob a forma de subs\u00eddios estatais \u00e0s despesas privadas com sa\u00fade. [&hellip;]<\/p>\n","protected":false},"author":1,"featured_media":5396,"comment_status":"closed","ping_status":"open","sticky":false,"template":"","format":"standard","meta":{"ngg_post_thumbnail":0,"footnotes":""},"categories":[2],"tags":[],"class_list":["post-6108","post","type-post","status-publish","format-standard","has-post-thumbnail","hentry","category-noticias"],"aioseo_notices":[],"gutentor_comment":0,"_links":{"self":[{"href":"https:\/\/sobedrj.com.br\/novo\/wp-json\/wp\/v2\/posts\/6108","targetHints":{"allow":["GET"]}}],"collection":[{"href":"https:\/\/sobedrj.com.br\/novo\/wp-json\/wp\/v2\/posts"}],"about":[{"href":"https:\/\/sobedrj.com.br\/novo\/wp-json\/wp\/v2\/types\/post"}],"author":[{"embeddable":true,"href":"https:\/\/sobedrj.com.br\/novo\/wp-json\/wp\/v2\/users\/1"}],"replies":[{"embeddable":true,"href":"https:\/\/sobedrj.com.br\/novo\/wp-json\/wp\/v2\/comments?post=6108"}],"version-history":[{"count":1,"href":"https:\/\/sobedrj.com.br\/novo\/wp-json\/wp\/v2\/posts\/6108\/revisions"}],"predecessor-version":[{"id":6109,"href":"https:\/\/sobedrj.com.br\/novo\/wp-json\/wp\/v2\/posts\/6108\/revisions\/6109"}],"wp:featuredmedia":[{"embeddable":true,"href":"https:\/\/sobedrj.com.br\/novo\/wp-json\/wp\/v2\/media\/5396"}],"wp:attachment":[{"href":"https:\/\/sobedrj.com.br\/novo\/wp-json\/wp\/v2\/media?parent=6108"}],"wp:term":[{"taxonomy":"category","embeddable":true,"href":"https:\/\/sobedrj.com.br\/novo\/wp-json\/wp\/v2\/categories?post=6108"},{"taxonomy":"post_tag","embeddable":true,"href":"https:\/\/sobedrj.com.br\/novo\/wp-json\/wp\/v2\/tags?post=6108"}],"curies":[{"name":"wp","href":"https:\/\/api.w.org\/{rel}","templated":true}]}}