{"id":6110,"date":"2018-10-22T11:03:50","date_gmt":"2018-10-22T11:03:50","guid":{"rendered":"http:\/\/sobedrj.com.br\/novo\/?p=6110"},"modified":"2018-10-30T09:37:55","modified_gmt":"2018-10-30T09:37:55","slug":"brasil-perde-6-leitos-por-dia-no-sus-sao-41-mil-vagas-a-menos","status":"publish","type":"post","link":"https:\/\/sobedrj.com.br\/novo\/2018\/10\/22\/brasil-perde-6-leitos-por-dia-no-sus-sao-41-mil-vagas-a-menos\/","title":{"rendered":"Brasil perde 6 leitos por dia; no SUS, s\u00e3o 41 mil vagas a menos"},"content":{"rendered":"<p>fonte: Estad\u00e3o<\/p>\n<p>O\u00a0<strong>Brasil<\/strong>\u00a0perdeu, nos \u00faltimos dez anos, seis leitos\u00a0<strong>hospitalares<\/strong>\u00a0por dia. S\u00e3o 23.088 vagas a menos, conforme estudo preparado pela\u00a0<strong>Confedera\u00e7\u00e3o Nacional dos Munic\u00edpios<\/strong>\u00a0e obtido pelo\u00a0<strong>Estado<\/strong>. E mostra o descompasso entre p\u00fablico e privado.<\/p>\n<p>No\u00a0<strong>Sistema \u00danico de Sa\u00fade (SUS)<\/strong>, foram fechadas 41.388 vagas, 12% do n\u00famero apresentado em 2008. J\u00e1 a rede particular apresentou tend\u00eancia inversa e ampliou a capacidade em 18.300 leitos.<\/p>\n<p>A tend\u00eancia de redu\u00e7\u00e3o geral das vagas \u00e9 explicada por especialistas, em parte, pela mudan\u00e7a no atendimento psiqui\u00e1trico. No passado, ele era centrado no ambiente hospitalar e, gra\u00e7as ao movimento antimanicomial, passou a ser feito prioritariamente nos Centros de Aten\u00e7\u00e3o Psicossocial (Caps). \u201cDos 41 mil leitos fechados na d\u00e9cada, 21 mil eram psiqui\u00e1tricos\u201d, afirma a consultora da CMN Carla Albert.<\/p>\n<p>Ela observa, no entanto, que em grande parte das demais especialidades, a redu\u00e7\u00e3o do atendimento hospitalar est\u00e1 longe de ser um bom sinal. \u201cMuitas vezes, representa falta de recursos e, sobretudo, dificuldade de acesso da popula\u00e7\u00e3o a um atendimento indispens\u00e1vel.\u201d<\/p>\n<p><img loading=\"lazy\" decoding=\"async\" class=\"aligncenter size-full wp-image-6111\" src=\"http:\/\/sobedrj.com.br\/novo\/wp-content\/uploads\/2018\/10\/leitos_estadao.png\" alt=\"\" width=\"667\" height=\"315\" srcset=\"https:\/\/sobedrj.com.br\/novo\/wp-content\/uploads\/2018\/10\/leitos_estadao.png 667w, https:\/\/sobedrj.com.br\/novo\/wp-content\/uploads\/2018\/10\/leitos_estadao-300x142.png 300w, https:\/\/sobedrj.com.br\/novo\/wp-content\/uploads\/2018\/10\/leitos_estadao-600x283.png 600w\" sizes=\"auto, (max-width: 667px) 100vw, 667px\" \/><\/p>\n<p>Na pediatria e obstetr\u00edcia, por exemplo, a oferta de leitos minguou de forma expressiva. No caso de vagas para atendimentos de crian\u00e7as, a redu\u00e7\u00e3o de leitos SUS no per\u00edodo entre 2008 e 2018 foi de 26%. Na obstetr\u00edcia, a redu\u00e7\u00e3o na capacidade de atendimento hospitalar foi de 16,87%. \u201cEm um momento em que o n\u00famero de nascimento de beb\u00eas prematuros aumenta, \u00e9 dif\u00edcil explicar a redu\u00e7\u00e3o de leitos\u201d, afirma Cl\u00f3vis Constantino, da Sociedade Brasileira de Pediatria.<\/p>\n<p>Carla lembra que, embora as vagas em Hospital Dia tenham aumentado, elas ainda s\u00e3o pouco expressivas. Em 2018, havia 5.347, ante 4.213 registradas em 2008. \u201cO receio \u00e9 de que a desativa\u00e7\u00e3o de leitos tenha ocorrido sem a devida organiza\u00e7\u00e3o da rede ambulatorial. Basta ver as filas que ainda existem para alguns procedimentos.\u201d<\/p>\n<p>Para a consultora da Confedera\u00e7\u00e3o Nacional dos Munic\u00edpios, parte da desativa\u00e7\u00e3o dos leitos ocorre n\u00e3o por raz\u00f5es t\u00e9cnicas, mas econ\u00f4micas. \u201cE isso desorganiza o sistema. Basta ver as a\u00e7\u00f5es judiciais para garantir o atendimento.\u201d<\/p>\n<p>Al\u00e9m da Psiquiatria, Carla cita que a redu\u00e7\u00e3o de vagas \u00e9 justificada no caso da dermatologia e da endocrinologia. \u201cBasta ver o atendimento para pessoas com hansen\u00edase. Hoje, \u00e9 feito exclusivamente em ambiente ambulatorial.\u201d Carla questiona, por\u00e9m, a estagna\u00e7\u00e3o das vagas em Cardiologia. Em dez anos, apenas 23 foram abertas.<\/p>\n<p><strong>Justificativas<\/strong><\/p>\n<p>O Minist\u00e9rio da Sa\u00fade informou que a tend\u00eancia mundial \u00e9 de desospitaliza\u00e7\u00e3o. \u201c\u00c9 importante ressaltar que a redu\u00e7\u00e3o no n\u00famero de leitos gerais n\u00e3o afetou a oferta assistencial e a produ\u00e7\u00e3o aprovada nos sistemas de informa\u00e7\u00e3o do SUS. A quantidade de interna\u00e7\u00f5es aprovadas no sistema em 2008 foi de 11,1 milh\u00f5es e em 2017, de 11,6 milh\u00f5es.\u201d<\/p>\n<p><strong>Queda<\/strong><\/p>\n<p><strong>16.359\u00a0<\/strong>leitos foram fechados na Pediatria cl\u00ednica, uma das especialidades mais afetadas.<\/p>\n<p><strong>Hepatite C: Justi\u00e7a exige medicamento<\/strong><\/p>\n<p>Decis\u00e3o da Justi\u00e7a proferida nesta quinta-feira, 18, deu 60 dias de prazo para o minist\u00e9rio regularizar o envio de rem\u00e9dios contra a hepatite C para S\u00e3o Paulo. Segundo o MPF, o desabastecimento na rede p\u00fablica coloca em risco mais de 4,6 mil pacientes. A liminar vale para o Daclatasvir 30 mg, Daclatasvir 60 mg, Simeprevir 150 mg, Sofosbuvir 400 mg, Elbasvir 50 mg, Grazoprevir 100 mg e o composto Ombitasvir 12,5 mg\/Veruprevir 75 mg\/Ritonavir 50 mg + Desabuvir 250 mg.<\/p>\n","protected":false},"excerpt":{"rendered":"<p>fonte: Estad\u00e3o O\u00a0Brasil\u00a0perdeu, nos \u00faltimos dez anos, seis leitos\u00a0hospitalares\u00a0por dia. S\u00e3o 23.088 vagas a menos, conforme estudo preparado pela\u00a0Confedera\u00e7\u00e3o Nacional dos Munic\u00edpios\u00a0e obtido pelo\u00a0Estado. E mostra o descompasso entre p\u00fablico e privado. No\u00a0Sistema \u00danico de Sa\u00fade (SUS), foram fechadas 41.388 vagas, 12% do n\u00famero apresentado em 2008. J\u00e1 a rede particular apresentou tend\u00eancia inversa e [&hellip;]<\/p>\n","protected":false},"author":1,"featured_media":0,"comment_status":"closed","ping_status":"open","sticky":false,"template":"","format":"standard","meta":{"ngg_post_thumbnail":0,"footnotes":""},"categories":[2],"tags":[],"class_list":["post-6110","post","type-post","status-publish","format-standard","hentry","category-noticias"],"aioseo_notices":[],"gutentor_comment":0,"_links":{"self":[{"href":"https:\/\/sobedrj.com.br\/novo\/wp-json\/wp\/v2\/posts\/6110","targetHints":{"allow":["GET"]}}],"collection":[{"href":"https:\/\/sobedrj.com.br\/novo\/wp-json\/wp\/v2\/posts"}],"about":[{"href":"https:\/\/sobedrj.com.br\/novo\/wp-json\/wp\/v2\/types\/post"}],"author":[{"embeddable":true,"href":"https:\/\/sobedrj.com.br\/novo\/wp-json\/wp\/v2\/users\/1"}],"replies":[{"embeddable":true,"href":"https:\/\/sobedrj.com.br\/novo\/wp-json\/wp\/v2\/comments?post=6110"}],"version-history":[{"count":1,"href":"https:\/\/sobedrj.com.br\/novo\/wp-json\/wp\/v2\/posts\/6110\/revisions"}],"predecessor-version":[{"id":6113,"href":"https:\/\/sobedrj.com.br\/novo\/wp-json\/wp\/v2\/posts\/6110\/revisions\/6113"}],"wp:attachment":[{"href":"https:\/\/sobedrj.com.br\/novo\/wp-json\/wp\/v2\/media?parent=6110"}],"wp:term":[{"taxonomy":"category","embeddable":true,"href":"https:\/\/sobedrj.com.br\/novo\/wp-json\/wp\/v2\/categories?post=6110"},{"taxonomy":"post_tag","embeddable":true,"href":"https:\/\/sobedrj.com.br\/novo\/wp-json\/wp\/v2\/tags?post=6110"}],"curies":[{"name":"wp","href":"https:\/\/api.w.org\/{rel}","templated":true}]}}