{"id":6114,"date":"2018-10-22T11:32:52","date_gmt":"2018-10-22T11:32:52","guid":{"rendered":"http:\/\/sobedrj.com.br\/novo\/?p=6114"},"modified":"2018-10-30T09:37:46","modified_gmt":"2018-10-30T09:37:46","slug":"ans-institui-camara-tecnica-sobre-contratualizacao-de-prestadores","status":"publish","type":"post","link":"https:\/\/sobedrj.com.br\/novo\/2018\/10\/22\/ans-institui-camara-tecnica-sobre-contratualizacao-de-prestadores\/","title":{"rendered":"ANS institui c\u00e2mara t\u00e9cnica sobre contratualiza\u00e7\u00e3o de prestadores"},"content":{"rendered":"<p>fonte: ANS<\/p>\n<p>A Ag\u00eancia Nacional de Sa\u00fade Suplementar (ANS) publicou nesta ter\u00e7a-feira (16\/10) no Di\u00e1rio Oficial da Uni\u00e3o (DOU) portaria que institui a C\u00e2mara T\u00e9cnica de Contratualiza\u00e7\u00e3o e Relacionamento com Prestadores (Catec). O objetivo \u00e9 colher subs\u00eddios para avaliar a necessidade de revis\u00e3o e aprimoramento da regula\u00e7\u00e3o setorial acerca da contratualiza\u00e7\u00e3o entre as operadoras de planos de sa\u00fade e os prestadores de servi\u00e7os \u2013 hospitais, cl\u00ednicas, laborat\u00f3rios e profissionais de sa\u00fade.<\/p>\n<p>A C\u00e2mara ser\u00e1 composta por representantes das cinco diretorias da ANS e da Procuradoria Federal junto \u00e0 reguladora e por integrantes de cerca de 30 \u00f3rg\u00e3os e entidades do governo, Minist\u00e9rio P\u00fablico Federal, defesa do consumidor e do setor de sa\u00fade de maneira geral, os quais est\u00e3o sendo convidados por meio de of\u00edcio.<\/p>\n<p>No \u00e2mbito da Catec ser\u00e3o discutidos os seguintes temas: a utiliza\u00e7\u00e3o de tabelas refer\u00eancia para a remunera\u00e7\u00e3o dos servi\u00e7os e procedimentos contratualizados entre operadoras e prestadores; assuntos acerca do relacionamento entre operadoras e prestadores de sa\u00fade, especialmente a n\u00e3o adapta\u00e7\u00e3o dos contratos \u00e0 regulamenta\u00e7\u00e3o da Lei n\u00ba 13.003\/14, glosas sobre o faturamento, remunera\u00e7\u00e3o atrav\u00e9s de pacotes de procedimentos e rescis\u00e3o de contratos; e o aprimoramento dos canais para recebimento e tratamento das demandas relativas ao relacionamento entre operadoras e prestadores de servi\u00e7os.<\/p>\n<p>A ANS ir\u00e1 comunicar formalmente os participantes, com a convoca\u00e7\u00e3o para a primeira reuni\u00e3o do grupo. A expectativa \u00e9 que isso ocorra ainda este m\u00eas.<\/p>\n<p><a href=\"http:\/\/www.imprensanacional.gov.br\/materia\/-\/asset_publisher\/Kujrw0TZC2Mb\/content\/id\/45374343\/do1-2018-10-16-portaria-n-8-de-15-de-outubro-de-2018-45373984\" target=\"_blank\" rel=\"noopener\">Confira aqui a Portaria DIDES n\u00ba 8<\/a>.<\/p>\n","protected":false},"excerpt":{"rendered":"<p>fonte: ANS A Ag\u00eancia Nacional de Sa\u00fade Suplementar (ANS) publicou nesta ter\u00e7a-feira (16\/10) no Di\u00e1rio Oficial da Uni\u00e3o (DOU) portaria que institui a C\u00e2mara T\u00e9cnica de Contratualiza\u00e7\u00e3o e Relacionamento com Prestadores (Catec). O objetivo \u00e9 colher subs\u00eddios para avaliar a necessidade de revis\u00e3o e aprimoramento da regula\u00e7\u00e3o setorial acerca da contratualiza\u00e7\u00e3o entre as operadoras de [&hellip;]<\/p>\n","protected":false},"author":1,"featured_media":4364,"comment_status":"closed","ping_status":"open","sticky":false,"template":"","format":"standard","meta":{"ngg_post_thumbnail":0,"footnotes":""},"categories":[2],"tags":[],"class_list":["post-6114","post","type-post","status-publish","format-standard","has-post-thumbnail","hentry","category-noticias"],"aioseo_notices":[],"gutentor_comment":0,"_links":{"self":[{"href":"https:\/\/sobedrj.com.br\/novo\/wp-json\/wp\/v2\/posts\/6114","targetHints":{"allow":["GET"]}}],"collection":[{"href":"https:\/\/sobedrj.com.br\/novo\/wp-json\/wp\/v2\/posts"}],"about":[{"href":"https:\/\/sobedrj.com.br\/novo\/wp-json\/wp\/v2\/types\/post"}],"author":[{"embeddable":true,"href":"https:\/\/sobedrj.com.br\/novo\/wp-json\/wp\/v2\/users\/1"}],"replies":[{"embeddable":true,"href":"https:\/\/sobedrj.com.br\/novo\/wp-json\/wp\/v2\/comments?post=6114"}],"version-history":[{"count":1,"href":"https:\/\/sobedrj.com.br\/novo\/wp-json\/wp\/v2\/posts\/6114\/revisions"}],"predecessor-version":[{"id":6115,"href":"https:\/\/sobedrj.com.br\/novo\/wp-json\/wp\/v2\/posts\/6114\/revisions\/6115"}],"wp:featuredmedia":[{"embeddable":true,"href":"https:\/\/sobedrj.com.br\/novo\/wp-json\/wp\/v2\/media\/4364"}],"wp:attachment":[{"href":"https:\/\/sobedrj.com.br\/novo\/wp-json\/wp\/v2\/media?parent=6114"}],"wp:term":[{"taxonomy":"category","embeddable":true,"href":"https:\/\/sobedrj.com.br\/novo\/wp-json\/wp\/v2\/categories?post=6114"},{"taxonomy":"post_tag","embeddable":true,"href":"https:\/\/sobedrj.com.br\/novo\/wp-json\/wp\/v2\/tags?post=6114"}],"curies":[{"name":"wp","href":"https:\/\/api.w.org\/{rel}","templated":true}]}}