{"id":6136,"date":"2018-10-29T12:12:54","date_gmt":"2018-10-29T12:12:54","guid":{"rendered":"http:\/\/sobedrj.com.br\/novo\/?p=6136"},"modified":"2018-10-30T09:37:18","modified_gmt":"2018-10-30T09:37:18","slug":"ipca-podera-entrar-no-calculo-de-reajustes-de-planos-de-saude","status":"publish","type":"post","link":"https:\/\/sobedrj.com.br\/novo\/2018\/10\/29\/ipca-podera-entrar-no-calculo-de-reajustes-de-planos-de-saude\/","title":{"rendered":"IPCA poder\u00e1 entrar no c\u00e1lculo de reajustes de planos de sa\u00fade"},"content":{"rendered":"<p>fonte: Ag\u00eancia Brasil<\/p>\n<p>A diretoria colegiada da Ag\u00eancia Nacional de Sa\u00fade Suplementar (ANS) apreciou esta semana proposta de nova metodologia para o\u00a0<a href=\"http:\/\/agenciabrasil.ebc.com.br\/saude\/noticia\/2018-06\/publicada-decisao-que-autoriza-reajuste-de-ate-10-para-plano-de-saude\" target=\"_blank\" rel=\"noopener\">reajuste anual<\/a>\u00a0dos planos de sa\u00fade individuais e familiares. O c\u00e1lculo teria como base a varia\u00e7\u00e3o das despesas assistenciais (VDA) e a infla\u00e7\u00e3o oficial, calculada pelo\u00a0\u00cdndice de Pre\u00e7os ao Consumidor Amplo (IPCA). A decis\u00e3o final ser\u00e1 divulgada ap\u00f3s audi\u00eancia p\u00fablica, marcada para novembro.<\/p>\n<p>No novo modelo, o reajuste deixaria de se basear exclusivamente na VDA, mas continuaria sendo composto de uma f\u00f3rmula \u00fanica, que re\u00fane as duas varia\u00e7\u00f5es (VDA e IPCA), com peso de 80% para as despesas assistenciais e 20% para as n\u00e3o assistenciais. A VDA reflete diretamente os gastos com atendimento a benefici\u00e1rios de planos de sa\u00fade, enquanto o IPCA incide nas despesas n\u00e3o assistenciais das operadoras \u2013 as administrativas, por exemplo.<\/p>\n<p>\u201cA inten\u00e7\u00e3o da ag\u00eancia \u00e9 usar uma metodologia no reajuste que reflita mais diretamente a varia\u00e7\u00e3o das despesas das operadoras nos planos individuais. Al\u00e9m disso, uma vez que os dados utilizados para o novo c\u00e1lculo s\u00e3o p\u00fablicos e auditados, o modelo se torna mais transparente e previs\u00edvel para benefici\u00e1rios e operadoras\u201d, informou a ANS.<\/p>\n<p>H\u00e1 ainda, segundo a ag\u00eancia, outros benef\u00edcios, como a redu\u00e7\u00e3o do tempo entre o per\u00edodo de c\u00e1lculo e o per\u00edodo de aplica\u00e7\u00e3o do reajuste e a transfer\u00eancia de parte dos ganhos de efici\u00eancia das operadoras para os benefici\u00e1rios por meio de redu\u00e7\u00f5es no \u00edndice.<\/p>\n<p>A proposta ser\u00e1 levada para discuss\u00e3o em audi\u00eancia p\u00fablica marcada para 13 de novembro. Entre os dias 8 a 18, ser\u00e1 disponibilizado, no portal da ANS, um formul\u00e1rio para receber contribui\u00e7\u00f5es daqueles que n\u00e3o puderem comparecer \u00e0 audi\u00eancia.<\/p>\n<p>Altera\u00e7\u00f5es na metodologia de reajuste foram tema de audi\u00eancia p\u00fablica na ANS em julho.\u00a0Ap\u00f3s dois dias de discuss\u00e3o, operadoras e ag\u00eancia reguladora n\u00e3o chegaram a um consenso.<\/p>\n","protected":false},"excerpt":{"rendered":"<p>fonte: Ag\u00eancia Brasil A diretoria colegiada da Ag\u00eancia Nacional de Sa\u00fade Suplementar (ANS) apreciou esta semana proposta de nova metodologia para o\u00a0reajuste anual\u00a0dos planos de sa\u00fade individuais e familiares. O c\u00e1lculo teria como base a varia\u00e7\u00e3o das despesas assistenciais (VDA) e a infla\u00e7\u00e3o oficial, calculada pelo\u00a0\u00cdndice de Pre\u00e7os ao Consumidor Amplo (IPCA). A decis\u00e3o final [&hellip;]<\/p>\n","protected":false},"author":1,"featured_media":0,"comment_status":"closed","ping_status":"open","sticky":false,"template":"","format":"standard","meta":{"ngg_post_thumbnail":0,"footnotes":""},"categories":[2],"tags":[],"class_list":["post-6136","post","type-post","status-publish","format-standard","hentry","category-noticias"],"aioseo_notices":[],"gutentor_comment":0,"_links":{"self":[{"href":"https:\/\/sobedrj.com.br\/novo\/wp-json\/wp\/v2\/posts\/6136","targetHints":{"allow":["GET"]}}],"collection":[{"href":"https:\/\/sobedrj.com.br\/novo\/wp-json\/wp\/v2\/posts"}],"about":[{"href":"https:\/\/sobedrj.com.br\/novo\/wp-json\/wp\/v2\/types\/post"}],"author":[{"embeddable":true,"href":"https:\/\/sobedrj.com.br\/novo\/wp-json\/wp\/v2\/users\/1"}],"replies":[{"embeddable":true,"href":"https:\/\/sobedrj.com.br\/novo\/wp-json\/wp\/v2\/comments?post=6136"}],"version-history":[{"count":1,"href":"https:\/\/sobedrj.com.br\/novo\/wp-json\/wp\/v2\/posts\/6136\/revisions"}],"predecessor-version":[{"id":6137,"href":"https:\/\/sobedrj.com.br\/novo\/wp-json\/wp\/v2\/posts\/6136\/revisions\/6137"}],"wp:attachment":[{"href":"https:\/\/sobedrj.com.br\/novo\/wp-json\/wp\/v2\/media?parent=6136"}],"wp:term":[{"taxonomy":"category","embeddable":true,"href":"https:\/\/sobedrj.com.br\/novo\/wp-json\/wp\/v2\/categories?post=6136"},{"taxonomy":"post_tag","embeddable":true,"href":"https:\/\/sobedrj.com.br\/novo\/wp-json\/wp\/v2\/tags?post=6136"}],"curies":[{"name":"wp","href":"https:\/\/api.w.org\/{rel}","templated":true}]}}