{"id":6141,"date":"2018-10-29T12:44:11","date_gmt":"2018-10-29T12:44:11","guid":{"rendered":"http:\/\/sobedrj.com.br\/novo\/?p=6141"},"modified":"2018-10-30T09:37:10","modified_gmt":"2018-10-30T09:37:10","slug":"acoes-contra-planos-de-saude-saltam-de-5-mil-para-24-mil-em-sp-em-7-anos","status":"publish","type":"post","link":"https:\/\/sobedrj.com.br\/novo\/2018\/10\/29\/acoes-contra-planos-de-saude-saltam-de-5-mil-para-24-mil-em-sp-em-7-anos\/","title":{"rendered":"A\u00e7\u00f5es contra planos de sa\u00fade saltam de 5 mil para 24 mil em SP em 7 anos"},"content":{"rendered":"<p>fonte: G1<\/p>\n<p>Os processos judiciais contra os planos de sa\u00fade no estado de S\u00e3o Paulo saltaram de 4 mil, em 2011, para mais de 24 mil, em 2018, segundo dados da Faculdade de Medicina da Universidade de S\u00e3o Paulo com base em dados abertos do Tribunal de Justi\u00e7a de S\u00e3o Paulo.<\/p>\n<div class=\"mc-column content-text active-extra-styles \" data-block-type=\"unstyled\" data-block-weight=\"13\" data-block-id=\"3\">\n<p data-track-category=\"Link no Texto\" data-track-links=\"\">Os n\u00fameros comparam o per\u00edodo analisado entre janeiro e setembro dos dois anos.<\/p>\n<\/div>\n<div class=\"mc-column content-text active-extra-styles \" data-block-type=\"unstyled\" data-block-weight=\"26\" data-block-id=\"4\">\n<p data-track-category=\"Link no Texto\" data-track-links=\"\">Entre janeiro e setembro de 2018, o Tribunal de Justi\u00e7a do Estado de S\u00e3o Paulo julgou 24.623, o que equivale a 130 decis\u00f5es por dia \u00fatil.<\/p>\n<\/div>\n<div class=\"mc-column content-text active-extra-styles \" data-block-type=\"unstyled\" data-block-weight=\"19\" data-block-id=\"5\">\n<p data-track-category=\"Link no Texto\" data-track-links=\"\">Destes processos, 52% foram motivados por negativas de coberturas e tratamentos e 28%, foram reclama\u00e7\u00f5es por reajustes de mensalidades.<\/p>\n<\/div>\n<div class=\"mc-column content-text active-extra-styles \" data-block-type=\"unstyled\" data-block-weight=\"33\" data-block-id=\"6\">\n<p data-track-category=\"Link no Texto\" data-track-links=\"\">\u00c9 o maior volume contabilizado desde 2011, quando os dados do setor come\u00e7aram a ser coletados pela Faculdade de Medicina da USP. Entre janeiro e setembro daquele ano, 5.141 a\u00e7\u00f5es foram julgadas .<\/p>\n<\/div>\n<div class=\"mc-column content-text active-extra-styles \" data-block-type=\"unstyled\" data-block-weight=\"34\" data-block-id=\"7\">\n<p data-track-category=\"Link no Texto\" data-track-links=\"\">O aumento de a\u00e7\u00f5es judiciais contra os planos ocorreu apesar da diminui\u00e7\u00e3o do n\u00famero de clientes de planos de sa\u00fade no estado, que caiu de 18,6 milh\u00f5es em 2014 para 17,2 milh\u00f5es em 2018.<\/p>\n<\/div>\n<div class=\"mc-column content-text active-extra-styles \" data-block-type=\"unstyled\" data-block-weight=\"38\" data-block-id=\"8\">\n<p data-track-category=\"Link no Texto\" data-track-links=\"\">Segundo Marinez Dolci, vice-presidente de uma ONG de apoio ao consumidor, os consumidores devem prestar aten\u00e7\u00e3o ao contrato que assinalam, analisando se est\u00e1 compreendido no mesmo a cobertura que desejam, para n\u00e3o serem surpreendidos no momento da utiliza\u00e7\u00e3o.<\/p>\n<\/div>\n<div class=\"mc-column content-text active-extra-styles \" data-block-type=\"unstyled\" data-block-weight=\"15\" data-block-id=\"9\">\n<p data-track-category=\"Link no Texto\" data-track-links=\"\">\u201cHoje, os planos de sa\u00fade s\u00e3o caros e a medicina se atualiza rapidamente\u201d, afirma ela.<\/p>\n<\/div>\n<div class=\"mc-column content-text active-extra-styles\" data-block-type=\"raw\" data-block-weight=\"3\" data-block-id=\"10\">\n<p>Planos comentam judicializa\u00e7\u00e3o<\/p>\n<p>Em nota, a Associa\u00e7\u00e3o Brasileira de Planos de Sa\u00fade (Abramge) informou que &#8220;este cen\u00e1rio de judicializa\u00e7\u00e3o da sa\u00fade n\u00e3o \u00e9 interessante para ningu\u00e9m&#8221;.<\/p>\n<\/div>\n<div class=\"mc-column content-text active-extra-styles \" data-block-type=\"unstyled\" data-block-weight=\"116\" data-block-id=\"12\">\n<p data-track-category=\"Link no Texto\" data-track-links=\"\">&#8220;O custo com a judicializa\u00e7\u00e3o da sa\u00fade tanto na esfera p\u00fablica quanto privada vem aumentando ano a ano. Somente em 2017, os gastos do SUS foram estimados em cerca de R$ 7 bilh\u00f5es, enquanto o privado em R$ 1,6 bilh\u00e3o. Quando algu\u00e9m assina um contrato seja de plano de sa\u00fade ou outro qualquer est\u00e1 concordando com os termos ali expostos. O cliente que busca na Justi\u00e7a eventual aumento da gama de servi\u00e7os contratados assume o risco de produzir despesas indevidas junto aos demais contratantes \u2013 principalmente planos de sa\u00fade que funcionam no regime de mutualismo, ocasionando majora\u00e7\u00e3o nos pre\u00e7os para novos benefici\u00e1rios para cobrir os novos \u201criscos\u201d envolvidos e n\u00e3o contratados&#8221;, diz a associa\u00e7\u00e3o em nota.<\/p>\n<\/div>\n<div class=\"content-ads content-ads--reveal\" data-block-type=\"ads\" data-block-id=\"13\">\n<p data-id=\"banner_materia2\">Para conter a crescente judicializa\u00e7\u00e3o, &#8220;o Conselho Nacional de Justi\u00e7a (CNJ) tem se empenhado no estabelecimento de NAT-JUS \u2013 n\u00facleo de apoio t\u00e9cnico nos principais tribunais do Pa\u00eds, onde os magistrados podem recorrer a corpo cl\u00ednico capacitado para elucidar suas d\u00favidas referentes a tratamentos de sa\u00fade seja em \u00e2mbito p\u00fablico ou privado&#8221;, acrescentou a institui\u00e7\u00e3o.<\/p>\n<\/div>\n<div class=\"mc-column content-text active-extra-styles \" data-block-type=\"unstyled\" data-block-weight=\"51\" data-block-id=\"15\">\n<p data-track-category=\"Link no Texto\" data-track-links=\"\">Segundo a entidade, &#8220;\u00e9 preciso lembrar que por repetidas vezes as pesquisas de opini\u00e3o realizadas por \u00f3rg\u00e3os competentes, como o pr\u00f3prio Datafolha, o Ibope ou ainda o IBGE, apontam que os servi\u00e7os prestados pelas operadoras de planos de sa\u00fade s\u00e3o sempre bem avaliados, com m\u00e9dia entre 70% e 80% de satisfa\u00e7\u00e3o&#8221;.<\/p>\n<\/div>\n<div data-track-category=\"fim do conteudo\" data-track-action=\"ultimo chunk conteudo\" data-track-noninteraction=\"false\" data-track-scroll=\"entrada completa viewport\">\n<div class=\"mc-column content-text active-extra-styles \" data-block-type=\"unstyled\" data-block-weight=\"72\" data-block-id=\"16\">\n<p data-track-category=\"Link no Texto\" data-track-links=\"\">A Abramge finaliza salientando que, &#8220;conforme pesquisa conduzida pelo Ibope a pedido do Instituto de Estudos de Sa\u00fade Suplementar, o ingresso ao plano de sa\u00fade \u00e9 o terceiro maior desejo de consumo do brasileiro, atr\u00e1s apenas de educa\u00e7\u00e3o e moradia. Segundo esta mesma pesquisa (Ibope\/IESS), 87% das pessoas que possuem planos de sa\u00fade desejam manter o servi\u00e7o contratado, enquanto que 74% dos indiv\u00edduos que n\u00e3o o possuem afirmam que gostariam de t\u00ea-lo&#8221;.<\/p>\n<\/div>\n<\/div>\n","protected":false},"excerpt":{"rendered":"<p>fonte: G1 Os processos judiciais contra os planos de sa\u00fade no estado de S\u00e3o Paulo saltaram de 4 mil, em 2011, para mais de 24 mil, em 2018, segundo dados da Faculdade de Medicina da Universidade de S\u00e3o Paulo com base em dados abertos do Tribunal de Justi\u00e7a de S\u00e3o Paulo. Os n\u00fameros comparam o [&hellip;]<\/p>\n","protected":false},"author":1,"featured_media":0,"comment_status":"closed","ping_status":"open","sticky":false,"template":"","format":"standard","meta":{"ngg_post_thumbnail":0,"footnotes":""},"categories":[2],"tags":[],"class_list":["post-6141","post","type-post","status-publish","format-standard","hentry","category-noticias"],"aioseo_notices":[],"gutentor_comment":0,"_links":{"self":[{"href":"https:\/\/sobedrj.com.br\/novo\/wp-json\/wp\/v2\/posts\/6141","targetHints":{"allow":["GET"]}}],"collection":[{"href":"https:\/\/sobedrj.com.br\/novo\/wp-json\/wp\/v2\/posts"}],"about":[{"href":"https:\/\/sobedrj.com.br\/novo\/wp-json\/wp\/v2\/types\/post"}],"author":[{"embeddable":true,"href":"https:\/\/sobedrj.com.br\/novo\/wp-json\/wp\/v2\/users\/1"}],"replies":[{"embeddable":true,"href":"https:\/\/sobedrj.com.br\/novo\/wp-json\/wp\/v2\/comments?post=6141"}],"version-history":[{"count":1,"href":"https:\/\/sobedrj.com.br\/novo\/wp-json\/wp\/v2\/posts\/6141\/revisions"}],"predecessor-version":[{"id":6142,"href":"https:\/\/sobedrj.com.br\/novo\/wp-json\/wp\/v2\/posts\/6141\/revisions\/6142"}],"wp:attachment":[{"href":"https:\/\/sobedrj.com.br\/novo\/wp-json\/wp\/v2\/media?parent=6141"}],"wp:term":[{"taxonomy":"category","embeddable":true,"href":"https:\/\/sobedrj.com.br\/novo\/wp-json\/wp\/v2\/categories?post=6141"},{"taxonomy":"post_tag","embeddable":true,"href":"https:\/\/sobedrj.com.br\/novo\/wp-json\/wp\/v2\/tags?post=6141"}],"curies":[{"name":"wp","href":"https:\/\/api.w.org\/{rel}","templated":true}]}}