{"id":6407,"date":"2018-12-03T21:17:29","date_gmt":"2018-12-03T21:17:29","guid":{"rendered":"http:\/\/sobedrj.com.br\/novo\/?p=6407"},"modified":"2018-12-08T14:34:10","modified_gmt":"2018-12-08T14:34:10","slug":"oficina-de-endoproteses-ocorre-neste-sabado-das-9h-as-12h-em-botafogo","status":"publish","type":"post","link":"https:\/\/sobedrj.com.br\/novo\/2018\/12\/03\/oficina-de-endoproteses-ocorre-neste-sabado-das-9h-as-12h-em-botafogo\/","title":{"rendered":"Oficina de Endopr\u00f3teses ocorre neste s\u00e1bado, das 9h \u00e0s 12h, em Botafogo"},"content":{"rendered":"<p>A Oficina de Endopr\u00f3teses, \u00faltima atividade cient\u00edfica da SOBED-RJ em 2018, acontece neste s\u00e1bado, das 9h \u00e0s 12h, no centro de estudos do Hospital Samaritano, em Botafogo.<\/p>\n<p>CONFIRA A PROGRAMA\u00c7\u00c3O:<\/p>\n<p><strong>9h \u00e0s 9h10<\/strong> <em>Abertura<\/em><\/p>\n<p>Dra Ana Zuccaro, coordenadora da comiss\u00e3o cient\u00edfica da SOBED-RJ<\/p>\n<p><strong>9h10 \u00e0s 9h40<\/strong>\u00a0<em>Endopr\u00f3teses na palia\u00e7\u00e3o de tumores e abordagem das doen\u00e7as benignas do trato digest\u00f3rio alto<\/em><\/p>\n<p>Dr. Evandro S\u00e1\u00a0(S\u00d3CIO TITULAR SOBED\/HOSPITAL FEDERAL DE IPANEMA)<\/p>\n<p><strong>9h40 \u00e0s 10h10\u00a0<\/strong><em>Endopr\u00f3teses nas vias biliares e p\u00e2ncreas<\/em><\/p>\n<p>Dr.\u00a0Miguel Koury (S\u00d3CIO TITULAR SOBED\/FMP-FASE e HOSPITAL MUNICIPAL ALCIDES CARNEIRO)<\/p>\n<p><strong>10h10 \u00e0s 10h30<\/strong> Intervalo<\/p>\n<p><strong>10h30 \u00e0s 11h<\/strong>\u00a0<em>Endopr\u00f3teses nas complica\u00e7\u00f5es cir\u00fargicas, em especial na cirurgia bari\u00e1trica<\/em><\/p>\n<p>Dra. Lilian Machado (S\u00d3CIO TITULAR SOBED\/HOSPITAL CENTRAL DA AERON\u00c1UTICA E REDE D\u2019OR)<\/p>\n<p><strong>11h \u00e0s 11h30<\/strong>\u00a0<em>Endopr\u00f3teses de es\u00f4fago<\/em><\/p>\n<p>Dr.\u00a0Filipe Galv\u00e3o (S\u00d3CIO TITULAR SOBED\/HOSPITAL FEDERAL DE IPANEMA)<\/p>\n<p><strong>11h30 \u00e0s 12h<\/strong> <em>Discuss\u00e3o<\/em><\/p>\n<p>A modera\u00e7\u00e3o ser\u00e1 do Dr. Alexandre Pelosi (S\u00d3CIO TITULAR SOBED\/INCA).<\/p>\n<p>O centro de estudos do Hospital Samaritano fica na Rua Assun\u00e7\u00e3o, 286, em Botafogo. Ao lado h\u00e1 um estacionamento rotativo.<\/p>\n<p>SAIBA COMO CHEGAR<\/p>\n<p style=\"text-align: center;\"><iframe loading=\"lazy\" src=\"https:\/\/www.google.com\/maps\/embed?pb=!1m18!1m12!1m3!1d3674.1192310498573!2d-43.18907698562396!3d-22.945835645032904!2m3!1f0!2f0!3f0!3m2!1i1024!2i768!4f13.1!3m3!1m2!1s0x997fec2cbc4c1f%3A0xe93615a10e38b3aa!2sRua+Assun%C3%A7%C3%A3o%2C+286+-+Botafogo%2C+Rio+de+Janeiro+-+RJ%2C+22251-030!5e0!3m2!1spt-BR!2sbr!4v1517338137267\" width=\"600\" height=\"450\" frameborder=\"0\" allowfullscreen=\"allowfullscreen\" data-mce-fragment=\"1\"><\/iframe><\/p>\n","protected":false},"excerpt":{"rendered":"<p>A Oficina de Endopr\u00f3teses, \u00faltima atividade cient\u00edfica da SOBED-RJ em 2018, acontece neste s\u00e1bado, das 9h \u00e0s 12h, no centro de estudos do Hospital Samaritano, em Botafogo. CONFIRA A PROGRAMA\u00c7\u00c3O: 9h \u00e0s 9h10 Abertura Dra Ana Zuccaro, coordenadora da comiss\u00e3o cient\u00edfica da SOBED-RJ 9h10 \u00e0s 9h40\u00a0Endopr\u00f3teses na palia\u00e7\u00e3o de tumores e abordagem das doen\u00e7as benignas [&hellip;]<\/p>\n","protected":false},"author":1,"featured_media":6369,"comment_status":"closed","ping_status":"open","sticky":false,"template":"","format":"standard","meta":{"ngg_post_thumbnail":0,"footnotes":""},"categories":[2],"tags":[],"class_list":["post-6407","post","type-post","status-publish","format-standard","has-post-thumbnail","hentry","category-noticias"],"aioseo_notices":[],"gutentor_comment":0,"_links":{"self":[{"href":"https:\/\/sobedrj.com.br\/novo\/wp-json\/wp\/v2\/posts\/6407","targetHints":{"allow":["GET"]}}],"collection":[{"href":"https:\/\/sobedrj.com.br\/novo\/wp-json\/wp\/v2\/posts"}],"about":[{"href":"https:\/\/sobedrj.com.br\/novo\/wp-json\/wp\/v2\/types\/post"}],"author":[{"embeddable":true,"href":"https:\/\/sobedrj.com.br\/novo\/wp-json\/wp\/v2\/users\/1"}],"replies":[{"embeddable":true,"href":"https:\/\/sobedrj.com.br\/novo\/wp-json\/wp\/v2\/comments?post=6407"}],"version-history":[{"count":1,"href":"https:\/\/sobedrj.com.br\/novo\/wp-json\/wp\/v2\/posts\/6407\/revisions"}],"predecessor-version":[{"id":6408,"href":"https:\/\/sobedrj.com.br\/novo\/wp-json\/wp\/v2\/posts\/6407\/revisions\/6408"}],"wp:featuredmedia":[{"embeddable":true,"href":"https:\/\/sobedrj.com.br\/novo\/wp-json\/wp\/v2\/media\/6369"}],"wp:attachment":[{"href":"https:\/\/sobedrj.com.br\/novo\/wp-json\/wp\/v2\/media?parent=6407"}],"wp:term":[{"taxonomy":"category","embeddable":true,"href":"https:\/\/sobedrj.com.br\/novo\/wp-json\/wp\/v2\/categories?post=6407"},{"taxonomy":"post_tag","embeddable":true,"href":"https:\/\/sobedrj.com.br\/novo\/wp-json\/wp\/v2\/tags?post=6407"}],"curies":[{"name":"wp","href":"https:\/\/api.w.org\/{rel}","templated":true}]}}