{"id":6410,"date":"2018-12-05T12:22:14","date_gmt":"2018-12-05T12:22:14","guid":{"rendered":"http:\/\/sobedrj.com.br\/novo\/?p=6410"},"modified":"2018-12-05T12:22:14","modified_gmt":"2018-12-05T12:22:14","slug":"valoracao-dos-auxiliares-de-cirurgia-constara-na-proxima-cbhpm","status":"publish","type":"post","link":"https:\/\/sobedrj.com.br\/novo\/2018\/12\/05\/valoracao-dos-auxiliares-de-cirurgia-constara-na-proxima-cbhpm\/","title":{"rendered":"Valora\u00e7\u00e3o dos auxiliares de cirurgia constar\u00e1 na pr\u00f3xima CBHPM"},"content":{"rendered":"<p>fonte: AMB<\/p>\n<p>Na ter\u00e7a feira (13\/11), aconteceu a reuni\u00e3o do Conselho de Defesa Profissional da Associa\u00e7\u00e3o M\u00e9dica Brasileira, aberta pelo diretor de Atendimento ao Associado, Marcio Fortini.<\/p>\n<p>Uma das principais pautas foi a da Valora\u00e7\u00e3o dos Auxiliares de Cirurgia, iniciada pela Sociedade Brasileira de Neurocirurgia e que ap\u00f3s apresenta\u00e7\u00e3o e aprova\u00e7\u00e3o de continuidade do pleito na plen\u00e1ria do Conselho de Defesa Profissional de maio de 2018, foi encaminhada para as demais entidades cir\u00fargicas e Col\u00e9gio Brasileiro de Cirurgi\u00f5es.<\/p>\n<p>Na vota\u00e7\u00e3o ocorrida dia 13, que j\u00e1 impactar\u00e1 a nova CBHPM, a Minuta 1 foi vencedora com os votos de 33 entidades, propondo 60% para o primeiro auxiliar, 40% para o segundo auxiliar e 30% para o terceiro e quarto auxiliar.<\/p>\n<p>Os demais assuntos abordados na reuni\u00e3o foram: a nova C\u00e2mara T\u00e9cnica da Ag\u00eancia Nacional de Sa\u00fade Suplementar (ANS) \u2013 CATEC, na qual uma carta aberta ser\u00e1 produzida para maior participa\u00e7\u00e3o das Sociedades de Especialidade nessas discuss\u00f5es. Tamb\u00e9m foi discutida a primeira faixa de revis\u00e3o para corre\u00e7\u00e3o de curva de precifica\u00e7\u00e3o dos Portes de Procedimentos CBHPM, o Rol de cobertura dos planos de sa\u00fade da ANS de 2020 e a apresenta\u00e7\u00e3o do Thiago Valette sobre o Value-Based Healthcare (VBHC), modelo de assist\u00eancia m\u00e9dica baseado em valor.<\/p>\n<p>Assim se encerra o calend\u00e1rio de reuni\u00f5es desse ano para a Defesa Profissional. Apesar de n\u00e3o haver novas reuni\u00f5es marcadas, a consultora t\u00e9cnica da CBHPM da AMB, Miyuki Goto, diz \u201cuma das pautas previstas para o pr\u00f3ximo ano s\u00e3o discuss\u00f5es sobre Diagn\u00f3sticos Relacionados, DRG\u201d.<\/p>\n","protected":false},"excerpt":{"rendered":"<p>fonte: AMB Na ter\u00e7a feira (13\/11), aconteceu a reuni\u00e3o do Conselho de Defesa Profissional da Associa\u00e7\u00e3o M\u00e9dica Brasileira, aberta pelo diretor de Atendimento ao Associado, Marcio Fortini. Uma das principais pautas foi a da Valora\u00e7\u00e3o dos Auxiliares de Cirurgia, iniciada pela Sociedade Brasileira de Neurocirurgia e que ap\u00f3s apresenta\u00e7\u00e3o e aprova\u00e7\u00e3o de continuidade do pleito [&hellip;]<\/p>\n","protected":false},"author":1,"featured_media":6411,"comment_status":"closed","ping_status":"open","sticky":false,"template":"","format":"standard","meta":{"ngg_post_thumbnail":0,"footnotes":""},"categories":[2],"tags":[],"class_list":["post-6410","post","type-post","status-publish","format-standard","has-post-thumbnail","hentry","category-noticias"],"aioseo_notices":[],"gutentor_comment":0,"_links":{"self":[{"href":"https:\/\/sobedrj.com.br\/novo\/wp-json\/wp\/v2\/posts\/6410","targetHints":{"allow":["GET"]}}],"collection":[{"href":"https:\/\/sobedrj.com.br\/novo\/wp-json\/wp\/v2\/posts"}],"about":[{"href":"https:\/\/sobedrj.com.br\/novo\/wp-json\/wp\/v2\/types\/post"}],"author":[{"embeddable":true,"href":"https:\/\/sobedrj.com.br\/novo\/wp-json\/wp\/v2\/users\/1"}],"replies":[{"embeddable":true,"href":"https:\/\/sobedrj.com.br\/novo\/wp-json\/wp\/v2\/comments?post=6410"}],"version-history":[{"count":1,"href":"https:\/\/sobedrj.com.br\/novo\/wp-json\/wp\/v2\/posts\/6410\/revisions"}],"predecessor-version":[{"id":6412,"href":"https:\/\/sobedrj.com.br\/novo\/wp-json\/wp\/v2\/posts\/6410\/revisions\/6412"}],"wp:featuredmedia":[{"embeddable":true,"href":"https:\/\/sobedrj.com.br\/novo\/wp-json\/wp\/v2\/media\/6411"}],"wp:attachment":[{"href":"https:\/\/sobedrj.com.br\/novo\/wp-json\/wp\/v2\/media?parent=6410"}],"wp:term":[{"taxonomy":"category","embeddable":true,"href":"https:\/\/sobedrj.com.br\/novo\/wp-json\/wp\/v2\/categories?post=6410"},{"taxonomy":"post_tag","embeddable":true,"href":"https:\/\/sobedrj.com.br\/novo\/wp-json\/wp\/v2\/tags?post=6410"}],"curies":[{"name":"wp","href":"https:\/\/api.w.org\/{rel}","templated":true}]}}