{"id":6496,"date":"2018-12-19T16:50:02","date_gmt":"2018-12-19T16:50:02","guid":{"rendered":"http:\/\/sobedrj.com.br\/novo\/?p=6496"},"modified":"2018-12-19T16:50:02","modified_gmt":"2018-12-19T16:50:02","slug":"ha-um-mes-dra-ana-zuccaro-coordenava-o-forum-de-defesa-profissional-na-sbad-lembre-como-foi","status":"publish","type":"post","link":"https:\/\/sobedrj.com.br\/novo\/2018\/12\/19\/ha-um-mes-dra-ana-zuccaro-coordenava-o-forum-de-defesa-profissional-na-sbad-lembre-como-foi\/","title":{"rendered":"H\u00e1 um m\u00eas, Dra. Ana Zuccaro coordenava o F\u00f3rum de Defesa Profissional na SBAD. Lembre como foi!"},"content":{"rendered":"<p><img loading=\"lazy\" decoding=\"async\" class=\"aligncenter size-full wp-image-6499\" src=\"http:\/\/sobedrj.com.br\/novo\/wp-content\/uploads\/2018\/12\/sobed_sbad-1.jpg\" alt=\"\" width=\"540\" height=\"616\" srcset=\"https:\/\/sobedrj.com.br\/novo\/wp-content\/uploads\/2018\/12\/sobed_sbad-1.jpg 540w, https:\/\/sobedrj.com.br\/novo\/wp-content\/uploads\/2018\/12\/sobed_sbad-1-263x300.jpg 263w\" sizes=\"auto, (max-width: 540px) 100vw, 540px\" \/><\/p>\n","protected":false},"excerpt":{"rendered":"","protected":false},"author":1,"featured_media":5619,"comment_status":"closed","ping_status":"open","sticky":false,"template":"","format":"standard","meta":{"ngg_post_thumbnail":0,"footnotes":""},"categories":[2],"tags":[],"class_list":["post-6496","post","type-post","status-publish","format-standard","has-post-thumbnail","hentry","category-noticias"],"aioseo_notices":[],"gutentor_comment":0,"_links":{"self":[{"href":"https:\/\/sobedrj.com.br\/novo\/wp-json\/wp\/v2\/posts\/6496","targetHints":{"allow":["GET"]}}],"collection":[{"href":"https:\/\/sobedrj.com.br\/novo\/wp-json\/wp\/v2\/posts"}],"about":[{"href":"https:\/\/sobedrj.com.br\/novo\/wp-json\/wp\/v2\/types\/post"}],"author":[{"embeddable":true,"href":"https:\/\/sobedrj.com.br\/novo\/wp-json\/wp\/v2\/users\/1"}],"replies":[{"embeddable":true,"href":"https:\/\/sobedrj.com.br\/novo\/wp-json\/wp\/v2\/comments?post=6496"}],"version-history":[{"count":2,"href":"https:\/\/sobedrj.com.br\/novo\/wp-json\/wp\/v2\/posts\/6496\/revisions"}],"predecessor-version":[{"id":6500,"href":"https:\/\/sobedrj.com.br\/novo\/wp-json\/wp\/v2\/posts\/6496\/revisions\/6500"}],"wp:featuredmedia":[{"embeddable":true,"href":"https:\/\/sobedrj.com.br\/novo\/wp-json\/wp\/v2\/media\/5619"}],"wp:attachment":[{"href":"https:\/\/sobedrj.com.br\/novo\/wp-json\/wp\/v2\/media?parent=6496"}],"wp:term":[{"taxonomy":"category","embeddable":true,"href":"https:\/\/sobedrj.com.br\/novo\/wp-json\/wp\/v2\/categories?post=6496"},{"taxonomy":"post_tag","embeddable":true,"href":"https:\/\/sobedrj.com.br\/novo\/wp-json\/wp\/v2\/tags?post=6496"}],"curies":[{"name":"wp","href":"https:\/\/api.w.org\/{rel}","templated":true}]}}