{"id":7005,"date":"2019-04-08T12:33:23","date_gmt":"2019-04-08T12:33:23","guid":{"rendered":"http:\/\/sobedrj.com.br\/novo\/?p=7005"},"modified":"2019-04-09T12:59:37","modified_gmt":"2019-04-09T12:59:37","slug":"mais-de-80-dos-medicos-de-sp-dizem-que-ja-usam-tecnologias-para-atender-pacientes","status":"publish","type":"post","link":"https:\/\/sobedrj.com.br\/novo\/2019\/04\/08\/mais-de-80-dos-medicos-de-sp-dizem-que-ja-usam-tecnologias-para-atender-pacientes\/","title":{"rendered":"Mais de 80% dos m\u00e9dicos de SP dizem que j\u00e1 usam tecnologias para atender pacientes"},"content":{"rendered":"<p>fonte: Folha de SP<\/p>\n<p>82,65% dos m\u00e9dicos paulistas afirmam que j\u00e1 usam tecnologias no dia a dia para a assist\u00eancia aos pacientes. Os dados s\u00e3o de uma pesquisa in\u00e9dita da APM\u00a0(Associa\u00e7\u00e3o Paulista de Medicina) e do Global Summit Telemedicine &amp; Digital Health.<\/p>\n<p>Foram ouvidos 1.614 profissionais, por meio de question\u00e1rio online, entre 15 e 25 de mar\u00e7o de 2019. A amostra \u00e9 representativa de 96,8% do estado de S\u00e3o Paulo (55% da capital paulista e 45% do interior).<\/p>\n<p>A maioria (78,69%) \u00e9 favor\u00e1vel \u00e0 utiliza\u00e7\u00e3o do WhatsApp e ferramentas semelhantes na rela\u00e7\u00e3o com os pacientes. Pesquisa anterior apontava uma aprova\u00e7\u00e3o de 67% ao uso dessas tecnologias.<\/p>\n<p>&#8220;Como n\u00e3o tem uma resolu\u00e7\u00e3o que regule isso, os profissionais se apoiam em qualquer coisa que facilite essa rela\u00e7\u00e3o. O uso desprotegido exp\u00f5e m\u00e9dicos e pacientes a situa\u00e7\u00f5es de risco, desde de ter a intimidade vazada nas m\u00eddias sociais at\u00e9 de erros de interpreta\u00e7\u00e3o da conduta m\u00e9dica sugerida&#8221;, diz Antonio Carlos Endrigo, presidente da APM.<\/p>\n<p>Para ele, \u00e9 urgente a\u00a0<a href=\"https:\/\/www1.folha.uol.com.br\/equilibrioesaude\/2019\/02\/apesar-de-criticas-telemedicina-ja-e-realidade-no-pais-e-deve-se-expandir.shtml\" target=\"_blank\" rel=\"noopener\">normatizar a telemedicina no Brasil<\/a>, que ainda conta com regras de 2002. Publicada em 7 de fevereiro, a nova resolu\u00e7\u00e3o do CFM foi revogada 15 dias depois, no dia 22 do mesmo m\u00eas, ap\u00f3s cr\u00edticas de entidades m\u00e9dicas.<\/p>\n<p>A pesquisa tamb\u00e9m captou a insatisfa\u00e7\u00e3o da classe m\u00e9dica paulista sobre esse tema. Para 76,52%, os\u00a0<a href=\"https:\/\/www1.folha.uol.com.br\/equilibrioesaude\/2019\/02\/conselhos-medicos-regionais-querem-adiar-regra-que-permite-atendimento-online.shtml\" target=\"_blank\" rel=\"noopener\">m\u00e9dicos n\u00e3o foram devidamente consultados pelo CFM<\/a>\u00a0na elabora\u00e7\u00e3o da medida. Ao mesmo tempo, 98,7% concordam que as solu\u00e7\u00f5es digitais trazem avan\u00e7os para o atendimento aos pacientes.<\/p>\n<p>&#8220;Fomos surpreendidos com a not\u00edcia num programa de TV. At\u00e9 quem estava a favor [da resolu\u00e7\u00e3o] rejeitou. Mas n\u00e3o precisava ter revogado, bastava ter colhido novas contribui\u00e7\u00f5es e feito os ajustes necess\u00e1rios&#8221;, diz Endrigo.<\/p>\n<p>O levantamento aponta que os m\u00e9dicos est\u00e3o divididos sobre teleconsultas e teleprescri\u00e7\u00f5es. Um pouco mais da metade (55%) n\u00e3o concorda com consultas a dist\u00e2ncia, ap\u00f3s uma presencial. E 49,26% s\u00e3o contra a prescri\u00e7\u00e3o eletr\u00f4nica.<\/p>\n<p>&#8220;Foi uma surpresa. M\u00e9dico nunca deveria fazer prescri\u00e7\u00e3o manuscrita. S\u00e3o comuns as queixas de o paciente de n\u00e3o entender a letra o m\u00e9dico e de balconista da farm\u00e1cia interpretar erroneamente a prescri\u00e7\u00e3o. \u00c9 um risco e pode piorar a doen\u00e7a&#8221;, diz.<\/p>\n<p>Segundo a pesquisa, 84,57% dos entrevistados s\u00e3o favor\u00e1veis a que as informa\u00e7\u00f5es de sa\u00fade dos pacientes sejam disponibilizadas em nuvem digital, com prote\u00e7\u00e3o de dados, mas acess\u00edveis aos m\u00e9dicos.<\/p>\n<p>E quase a totalidade (93,68%) entende que o compartilhamento de informa\u00e7\u00f5es pode ser ben\u00e9fico aos profissionais, aos pacientes e ao sistema de sa\u00fade.<\/p>\n<p>&#8220;Acima de um c\u00f3digo de \u00e9tica, tem uma Constitui\u00e7\u00e3o Federal que diz que o cidad\u00e3o tem livre arb\u00edtrio em suas escolhas. O CFM n\u00e3o pode criar empecilhos. O cidad\u00e3o decide sobre qual m\u00e9dico escolher e, este, sobre quais ferramentas que vai utilizar nessa rela\u00e7\u00e3o&#8221;,\u00a0diz Endrigo.<\/p>\n<p>Os m\u00e9dicos paulistas tamb\u00e9m s\u00e3o cr\u00edticos em rela\u00e7\u00e3o ao tratamento que o Mist\u00e9rio da Sa\u00fade d\u00e1 ao tema: 93% dizem que a pasta n\u00e3o dissemina as novas tecnologias com a agilidade que deveria.<\/p>\n","protected":false},"excerpt":{"rendered":"<p>fonte: Folha de SP 82,65% dos m\u00e9dicos paulistas afirmam que j\u00e1 usam tecnologias no dia a dia para a assist\u00eancia aos pacientes. Os dados s\u00e3o de uma pesquisa in\u00e9dita da APM\u00a0(Associa\u00e7\u00e3o Paulista de Medicina) e do Global Summit Telemedicine &amp; Digital Health. Foram ouvidos 1.614 profissionais, por meio de question\u00e1rio online, entre 15 e 25 [&hellip;]<\/p>\n","protected":false},"author":1,"featured_media":0,"comment_status":"closed","ping_status":"open","sticky":false,"template":"","format":"standard","meta":{"ngg_post_thumbnail":0,"footnotes":""},"categories":[2],"tags":[],"class_list":["post-7005","post","type-post","status-publish","format-standard","hentry","category-noticias"],"aioseo_notices":[],"gutentor_comment":0,"_links":{"self":[{"href":"https:\/\/sobedrj.com.br\/novo\/wp-json\/wp\/v2\/posts\/7005","targetHints":{"allow":["GET"]}}],"collection":[{"href":"https:\/\/sobedrj.com.br\/novo\/wp-json\/wp\/v2\/posts"}],"about":[{"href":"https:\/\/sobedrj.com.br\/novo\/wp-json\/wp\/v2\/types\/post"}],"author":[{"embeddable":true,"href":"https:\/\/sobedrj.com.br\/novo\/wp-json\/wp\/v2\/users\/1"}],"replies":[{"embeddable":true,"href":"https:\/\/sobedrj.com.br\/novo\/wp-json\/wp\/v2\/comments?post=7005"}],"version-history":[{"count":1,"href":"https:\/\/sobedrj.com.br\/novo\/wp-json\/wp\/v2\/posts\/7005\/revisions"}],"predecessor-version":[{"id":7007,"href":"https:\/\/sobedrj.com.br\/novo\/wp-json\/wp\/v2\/posts\/7005\/revisions\/7007"}],"wp:attachment":[{"href":"https:\/\/sobedrj.com.br\/novo\/wp-json\/wp\/v2\/media?parent=7005"}],"wp:term":[{"taxonomy":"category","embeddable":true,"href":"https:\/\/sobedrj.com.br\/novo\/wp-json\/wp\/v2\/categories?post=7005"},{"taxonomy":"post_tag","embeddable":true,"href":"https:\/\/sobedrj.com.br\/novo\/wp-json\/wp\/v2\/tags?post=7005"}],"curies":[{"name":"wp","href":"https:\/\/api.w.org\/{rel}","templated":true}]}}