{"id":7008,"date":"2019-04-08T12:34:28","date_gmt":"2019-04-08T12:34:28","guid":{"rendered":"http:\/\/sobedrj.com.br\/novo\/?p=7008"},"modified":"2019-04-09T12:59:24","modified_gmt":"2019-04-09T12:59:24","slug":"estudo-encontra-relacao-entre-bacterias-do-intestino-e-cancer-colorretal","status":"publish","type":"post","link":"https:\/\/sobedrj.com.br\/novo\/2019\/04\/08\/estudo-encontra-relacao-entre-bacterias-do-intestino-e-cancer-colorretal\/","title":{"rendered":"Estudo encontra rela\u00e7\u00e3o entre bact\u00e9rias do intestino e c\u00e2ncer colorretal"},"content":{"rendered":"<p>fonte: Estad\u00e3o<\/p>\n<p>Um novo estudo realizado por pesquisadores do\u00a0<strong>A.C.Camargo Cancer Center<\/strong>,\u00a0<strong>Universidade de S\u00e3o Paulo<\/strong>\u00a0(<a href=\"https:\/\/tudo-sobre.estadao.com.br\/usp-universidade-de-sao-paulo\" target=\"_blank\" rel=\"noopener\">USP<\/a>) e Universidade de Trento, na It\u00e1lia, apontou rela\u00e7\u00e3o entre o\u00a0<a href=\"https:\/\/emais.estadao.com.br\/noticias\/bem-estar,cancer-colorretal-10-perguntas-e-respostas-sobre-a-doenca-que-afeta-intestino-e-reto,70002761104\" target=\"_blank\" rel=\"noopener\">c\u00e2ncer colorretal<\/a>\u00a0e altera\u00e7\u00f5es na\u00a0<strong>microbiota intestinal<\/strong>. Por meio da an\u00e1lise de sete estudos sobre o tema utilizando softwares, os especialistas chegaram a 16 bact\u00e9rias que podem indicar a presen\u00e7a da doen\u00e7a nos pacientes. O achado, publicado nesta segunda-feira, 1\u00ba, no peri\u00f3dico cient\u00edfico\u00a0<em>Nature Medicine<\/em>, poder\u00e1 ser uma ferramenta no futuro para diagn\u00f3sticos mais precisos e como base para estabelecer medidas preventivas.<\/p>\n<p>Para a pesquisa, foram analisadas amostras extra\u00eddas de fezes de 969 pacientes divididos em grupos com e sem a doen\u00e7a. As amostras eram de pacientes dos Estados Unidos, Canad\u00e1, Jap\u00e3o, China, Fran\u00e7a, Alemanha e It\u00e1lia.<\/p>\n<p>&#8220;Cada vez mais, a microbiota vai se tornar um elemento forte para o tratamento e a preven\u00e7\u00e3o de v\u00e1rias doen\u00e7as. Tamb\u00e9m para descobrir as causas delas. Tem alguns estudos anteriores que mostraram que a microbiota \u00e9 um preditor para o c\u00e2ncer colorretal. Usamos dados p\u00fablicos e privados que geramos na It\u00e1lia. Usamos softwares que t\u00eam m\u00e9todos estat\u00edsticos que aprendem com os dados que damos para eles. Demos os perfis da microbiota e eles indicavam se era c\u00e2ncer ou n\u00e3o&#8221;, explica Andrew Thomas, bi\u00f3logo e pesquisador na \u00e1rea de microbioma humano e bioinform\u00e1tica, que \u00e9 o principal autor do estudo.<\/p>\n<p>Segundo Thomas, no in\u00edcio, todas as\u00a0<a href=\"https:\/\/tudo-sobre.estadao.com.br\/bacteria\" target=\"_blank\" rel=\"noopener\">bact\u00e9rias<\/a>\u00a0que fazem parte do microbioma intestinal eram avaliadas e os pesquisadores iniciaram um processo de redu\u00e7\u00e3o das esp\u00e9cies utilizadas no estudo at\u00e9 chegar a um grupo de 16 que indicavam a presen\u00e7a da doen\u00e7a.<\/p>\n<p>&#8220;Pode ser que alguns pacientes tenham as 16 ou um subconjunto das 16, varia\u00e7\u00f5es delas, mas, quando se v\u00ea um perfil com elas, \u00e9 uma fonte preditora para o c\u00e2ncer colorretal. Os controles (<em>pacientes saud\u00e1veis<\/em>) podem ter, mas \u00e9 mais prov\u00e1vel que n\u00e3o.&#8221;<\/p>\n<p>O especialista diz que o c\u00e2ncer colorretal \u00e9 de crescimento lento e, quando diagnosticado precocemente, tem alto potencial de cura. Ele explica que os resultados n\u00e3o devem fazer com que exames invasivos, como a colonoscopia sejam substitu\u00eddos pela t\u00e9cnica, mas que ela pode se tornar mais um meio de tornar o diagn\u00f3stico mais preciso. &#8220;Percebemos que, quando combinav\u00e1mos o uso da microbiota com o exame de sangue oculto nas fezes, t\u00ednhamos maior precis\u00e3o e sensibilidade.&#8221;<\/p>\n<p>No Brasil, de acordo com o\u00a0<strong>Instituto Nacional de C\u00e2ncer<\/strong>\u00a0(<a href=\"https:\/\/tudo-sobre.estadao.com.br\/inca-instituto-nacional-do-cancer\" target=\"_blank\" rel=\"noopener\">INCA<\/a>), s\u00e3o estimados 36.360 casos da doen\u00e7a por ano (2018). Pessoas com mais de 50 anos, pacientes acima do peso, quem tem hist\u00f3rico familiar e pessoas que consomem embutidos e carne vermelha em excesso t\u00eam mais risco de desenvolver a doen\u00e7a. Sangue nas fezes, fraqueza, perda de peso e altera\u00e7\u00f5es do h\u00e1bito intestinal est\u00e3o entre os sintomas.<\/p>\n<p>Thomas afirma que a pesquisa tamb\u00e9m pode oferecer caminhos para a preven\u00e7\u00e3o da doen\u00e7a. &#8220;Identificamos que a presen\u00e7a de uma enzima degradadora de colina, um nutriente que est\u00e1 presente na gordura e na carne vermelha, estava mais abundante nos pacientes com c\u00e2ncer colorretal. Isso cria um link de como deve ser a alimenta\u00e7\u00e3o de quem quer evitar a doen\u00e7a.&#8221; A degrada\u00e7\u00e3o desse nutriente j\u00e1 era associada a doen\u00e7as cardiovasculares.<\/p>\n<p>O estudo \u00e9 parte do doutorado de Thomas em bioinform\u00e1tica pela USP e pela Universidade de Trento com bolsa da\u00a0<strong>Funda\u00e7\u00e3o de Apoio Pesquisa do Estado de S\u00e3o Paulo<\/strong>\u00a0(<a href=\"https:\/\/tudo-sobre.estadao.com.br\/fapesp-fundacao-de-amparo-a-pesquisa-do-estado-de-sao-paulo\" target=\"_blank\" rel=\"noopener\">Fapesp<\/a>).<\/p>\n","protected":false},"excerpt":{"rendered":"<p>fonte: Estad\u00e3o Um novo estudo realizado por pesquisadores do\u00a0A.C.Camargo Cancer Center,\u00a0Universidade de S\u00e3o Paulo\u00a0(USP) e Universidade de Trento, na It\u00e1lia, apontou rela\u00e7\u00e3o entre o\u00a0c\u00e2ncer colorretal\u00a0e altera\u00e7\u00f5es na\u00a0microbiota intestinal. Por meio da an\u00e1lise de sete estudos sobre o tema utilizando softwares, os especialistas chegaram a 16 bact\u00e9rias que podem indicar a presen\u00e7a da doen\u00e7a nos pacientes. [&hellip;]<\/p>\n","protected":false},"author":1,"featured_media":0,"comment_status":"closed","ping_status":"open","sticky":false,"template":"","format":"standard","meta":{"ngg_post_thumbnail":0,"footnotes":""},"categories":[2],"tags":[],"class_list":["post-7008","post","type-post","status-publish","format-standard","hentry","category-noticias"],"aioseo_notices":[],"gutentor_comment":0,"_links":{"self":[{"href":"https:\/\/sobedrj.com.br\/novo\/wp-json\/wp\/v2\/posts\/7008","targetHints":{"allow":["GET"]}}],"collection":[{"href":"https:\/\/sobedrj.com.br\/novo\/wp-json\/wp\/v2\/posts"}],"about":[{"href":"https:\/\/sobedrj.com.br\/novo\/wp-json\/wp\/v2\/types\/post"}],"author":[{"embeddable":true,"href":"https:\/\/sobedrj.com.br\/novo\/wp-json\/wp\/v2\/users\/1"}],"replies":[{"embeddable":true,"href":"https:\/\/sobedrj.com.br\/novo\/wp-json\/wp\/v2\/comments?post=7008"}],"version-history":[{"count":1,"href":"https:\/\/sobedrj.com.br\/novo\/wp-json\/wp\/v2\/posts\/7008\/revisions"}],"predecessor-version":[{"id":7009,"href":"https:\/\/sobedrj.com.br\/novo\/wp-json\/wp\/v2\/posts\/7008\/revisions\/7009"}],"wp:attachment":[{"href":"https:\/\/sobedrj.com.br\/novo\/wp-json\/wp\/v2\/media?parent=7008"}],"wp:term":[{"taxonomy":"category","embeddable":true,"href":"https:\/\/sobedrj.com.br\/novo\/wp-json\/wp\/v2\/categories?post=7008"},{"taxonomy":"post_tag","embeddable":true,"href":"https:\/\/sobedrj.com.br\/novo\/wp-json\/wp\/v2\/tags?post=7008"}],"curies":[{"name":"wp","href":"https:\/\/api.w.org\/{rel}","templated":true}]}}