{"id":7021,"date":"2019-04-10T09:15:54","date_gmt":"2019-04-10T09:15:54","guid":{"rendered":"http:\/\/sobedrj.com.br\/novo\/?p=7021"},"modified":"2019-04-16T08:44:23","modified_gmt":"2019-04-16T08:44:23","slug":"decisao-permitida-acumulacao-de-cargos-na-area-da-saude-independentemente-de-carga-horaria-semanal","status":"publish","type":"post","link":"https:\/\/sobedrj.com.br\/novo\/2019\/04\/10\/decisao-permitida-acumulacao-de-cargos-na-area-da-saude-independentemente-de-carga-horaria-semanal\/","title":{"rendered":"DECIS\u00c3O: Permitida acumula\u00e7\u00e3o de cargos na \u00e1rea da sa\u00fade independentemente de carga hor\u00e1ria semanal"},"content":{"rendered":"<p>fonte: TRF1<\/p>\n<p>Por unanimidade, a 1\u00aa Turma do TRF 1\u00aa Regi\u00e3o deu provimento \u00e0 apela\u00e7\u00e3o de uma servidora p\u00fablica contra a senten\u00e7a, da 16\u00aa Vara da Se\u00e7\u00e3o Judici\u00e1ria da Se\u00e7\u00e3o Judici\u00e1ria da Se\u00e7\u00e3o Judici\u00e1ria do Distrito Federal, que julgou improcedente pedido de acumula\u00e7\u00e3o de cargos privativos na \u00e1rea da sa\u00fade.<\/p>\n<p>A apelante \u00e9 t\u00e9cnica de enfermagem que trabalha no Hospital das For\u00e7as Armadas (HFA) e tamb\u00e9m no Hospital Universit\u00e1rio de Bras\u00edlia (HUB). Ela totaliza uma carga hor\u00e1ria de acima de 60 horas semanais.<\/p>\n<p>A Uni\u00e3o sustentou que a servidora n\u00e3o poderia ultrapassar a carga hor\u00e1ria de 60 horas semanais, conforme determina parecer da Advocacia Geral da Uni\u00e3o (AGU). A t\u00e9cnica alegou que a Constitui\u00e7\u00e3o Federal garante a cumula\u00e7\u00e3o dos cargos quando h\u00e1 compatibilidade de hor\u00e1rios, sem impor limite de carga hor\u00e1ria.<\/p>\n<p>A relatora do caso, desembargadora Federal Gilda Sigmaringa Seixas, ressaltou que, n\u00e3o tendo a Constitui\u00e7\u00e3o fixado limite de hor\u00e1rios para a jornada semanal, \u00e9 incab\u00edvel faz\u00ea-lo por meio de ato administrativo, n\u00e3o podendo, sob o pretexto de regulamentar dispositivo constitucional, criar regra n\u00e3o prevista na norma matriz. \u201cAssim, n\u00e3o merecem provimento os argumentos da Uni\u00e3o de que n\u00e3o se poderia ultrapassar a carga hor\u00e1ria de 60 horas semanais, limita\u00e7\u00e3o esta que n\u00e3o se encontra prevista na CF\/1988\u201d, concluiu a desembargadora.<\/p>\n<p>Processo: 0001713-05.2015.4.01.3400\/DF<\/p>\n<p>Data do julgamento: 18\/09\/2018<br \/>\nData da publica\u00e7\u00e3o: 05\/12\/2018<\/p>\n","protected":false},"excerpt":{"rendered":"<p>fonte: TRF1 Por unanimidade, a 1\u00aa Turma do TRF 1\u00aa Regi\u00e3o deu provimento \u00e0 apela\u00e7\u00e3o de uma servidora p\u00fablica contra a senten\u00e7a, da 16\u00aa Vara da Se\u00e7\u00e3o Judici\u00e1ria da Se\u00e7\u00e3o Judici\u00e1ria da Se\u00e7\u00e3o Judici\u00e1ria do Distrito Federal, que julgou improcedente pedido de acumula\u00e7\u00e3o de cargos privativos na \u00e1rea da sa\u00fade. A apelante \u00e9 t\u00e9cnica de [&hellip;]<\/p>\n","protected":false},"author":1,"featured_media":0,"comment_status":"closed","ping_status":"open","sticky":false,"template":"","format":"standard","meta":{"ngg_post_thumbnail":0,"footnotes":""},"categories":[2],"tags":[],"class_list":["post-7021","post","type-post","status-publish","format-standard","hentry","category-noticias"],"aioseo_notices":[],"gutentor_comment":0,"_links":{"self":[{"href":"https:\/\/sobedrj.com.br\/novo\/wp-json\/wp\/v2\/posts\/7021","targetHints":{"allow":["GET"]}}],"collection":[{"href":"https:\/\/sobedrj.com.br\/novo\/wp-json\/wp\/v2\/posts"}],"about":[{"href":"https:\/\/sobedrj.com.br\/novo\/wp-json\/wp\/v2\/types\/post"}],"author":[{"embeddable":true,"href":"https:\/\/sobedrj.com.br\/novo\/wp-json\/wp\/v2\/users\/1"}],"replies":[{"embeddable":true,"href":"https:\/\/sobedrj.com.br\/novo\/wp-json\/wp\/v2\/comments?post=7021"}],"version-history":[{"count":1,"href":"https:\/\/sobedrj.com.br\/novo\/wp-json\/wp\/v2\/posts\/7021\/revisions"}],"predecessor-version":[{"id":7023,"href":"https:\/\/sobedrj.com.br\/novo\/wp-json\/wp\/v2\/posts\/7021\/revisions\/7023"}],"wp:attachment":[{"href":"https:\/\/sobedrj.com.br\/novo\/wp-json\/wp\/v2\/media?parent=7021"}],"wp:term":[{"taxonomy":"category","embeddable":true,"href":"https:\/\/sobedrj.com.br\/novo\/wp-json\/wp\/v2\/categories?post=7021"},{"taxonomy":"post_tag","embeddable":true,"href":"https:\/\/sobedrj.com.br\/novo\/wp-json\/wp\/v2\/tags?post=7021"}],"curies":[{"name":"wp","href":"https:\/\/api.w.org\/{rel}","templated":true}]}}