{"id":7172,"date":"2019-05-02T10:14:57","date_gmt":"2019-05-02T10:14:57","guid":{"rendered":"http:\/\/sobedrj.com.br\/novo\/?p=7172"},"modified":"2019-05-02T10:14:57","modified_gmt":"2019-05-02T10:14:57","slug":"artigo-quebra-de-contrato","status":"publish","type":"post","link":"https:\/\/sobedrj.com.br\/novo\/2019\/05\/02\/artigo-quebra-de-contrato\/","title":{"rendered":"ARTIGO: Quebra de contrato"},"content":{"rendered":"<p>fonte: O Globo<\/p>\n<p>por Alfredo Guarischi, m\u00e9dico<\/p>\n<p>O direito \u00e0 sa\u00fade \u00e9 fundamental e est\u00e1 na nossa Constitui\u00e7\u00e3o. Estamos vivendo mais e sabemos o que \u00e9 medicina de qualidade. Isso gera custos, e algu\u00e9m tem que pagar a conta. N\u00e3o existe almo\u00e7o gr\u00e1tis.<\/p>\n<p>O neg\u00f3cio mais lucrativo do pa\u00eds \u00e9 o da sa\u00fade, em que mais de 700 operadoras de planos disputam um mercado bilion\u00e1rio de mais de 9% do PIB. Como compara\u00e7\u00e3o, o Brasil tem menos de 40 bancos privados.<\/p>\n<p>Um ter\u00e7o da popula\u00e7\u00e3o tem acesso ao sistema de sa\u00fade privado. S\u00e3o mais de 47 milh\u00f5es de pacientes potenciais (consumidores na linguagem econ\u00f4mica), que jamais adoecem ao mesmo tempo. Em caso de uma cat\u00e1strofe, epidemia ou necessidade de resgate em massa, a responsabilidade do atendimento recair\u00e1 sobre o sistema p\u00fablico, que n\u00e3o exige carteira pl\u00e1stica ou boleto banc\u00e1rio de pagamento. Nele toda a popula\u00e7\u00e3o pode ser atendida, mesmo os portadores de doen\u00e7as pr\u00e9-existentes. O maior sistema de sa\u00fade p\u00fablico do mundo, que j\u00e1 foi campe\u00e3o em vacina\u00e7\u00e3o e em transplantes de \u00f3rg\u00e3os, continua sendo subfinanciado, dilapidado por m\u00e1s gest\u00f5es e fatiado entre partidos pol\u00edticos, v\u00e1rios envolvidos em corrup\u00e7\u00e3o. Com tudo isso, por que tanto interesse de empresas privadas em administr\u00e1-lo? Filantropia com ren\u00fancia fiscal \u00e9 neg\u00f3cio ou filantropia?<\/p>\n<p>Pois bem, semana passada o CEO da United Health Group, dona da Amil, que tem milh\u00f5es de consumidores, afirmou que n\u00e3o pode \u201ccontinuar encaminhando pacientes para quem est\u00e1 a fim de desperdi\u00e7ar dinheiro\u201d sem proporcionar \u201cuma medicina por pre\u00e7o justo\u201d e que n\u00e3o pode \u201cser ref\u00e9m de qualquer prestador de sa\u00fade\u201d. Al\u00e9m disso, o ex-secret\u00e1rio de Sa\u00fade da prefeitura de S\u00e3o Paulo \u2014 que parece continuar em campanha para ser ministro da Sa\u00fade \u2014 afirmou que alguns grupos n\u00e3o utilizam as evid\u00eancias cient\u00edficas mais atuais. Pegou pesado! Fica a d\u00favida, nessa luta comercial, se h\u00e1 conflito de interesse na dupla jornada de CEO e presidente da Mesa Diretora da Sociedade Brasileira Israelita Albert Einstein, um importante prestador de servi\u00e7o para a Amil. Deixa pra l\u00e1!<\/p>\n<p>A Confedera\u00e7\u00e3o Nacional de Sa\u00fade defende o irrestrito respeito aos contratos firmados, fiscalizados pela Ag\u00eancia Nacional de Sa\u00fade Suplementar e repudia a acusa\u00e7\u00e3o indiscriminada de \u201cpr\u00e1ticas question\u00e1veis\u201d ao modelo de pagamento atualmente usado, colocando hospitais, cl\u00ednicas de diagn\u00f3stico e m\u00e9dicos como malfeitores. O consumidor, que compra seu plano de sa\u00fade com base na rede credenciada, ser\u00e1 a principal v\u00edtima dessas brigas comerciais.<\/p>\n<p>Fica a recomenda\u00e7\u00e3o do soci\u00f3logo franc\u00eas \u00c9mile Durkhein (1858-1917), que afirmava que o fato social deve atender a tr\u00eas caracter\u00edsticas: coercitividade (os padr\u00f5es culturais de uma sociedade se imp\u00f5em aos indiv\u00edduos que a integram), exterioridade (cabe ao indiv\u00edduo aprender por interm\u00e9dio da educa\u00e7\u00e3o) e generalidade (os fatos sociais s\u00e3o coletivos).<\/p>\n<p>Salvemos o SUS e a livre concorr\u00eancia.<\/p>\n","protected":false},"excerpt":{"rendered":"<p>fonte: O Globo por Alfredo Guarischi, m\u00e9dico O direito \u00e0 sa\u00fade \u00e9 fundamental e est\u00e1 na nossa Constitui\u00e7\u00e3o. Estamos vivendo mais e sabemos o que \u00e9 medicina de qualidade. Isso gera custos, e algu\u00e9m tem que pagar a conta. N\u00e3o existe almo\u00e7o gr\u00e1tis. O neg\u00f3cio mais lucrativo do pa\u00eds \u00e9 o da sa\u00fade, em que [&hellip;]<\/p>\n","protected":false},"author":1,"featured_media":0,"comment_status":"closed","ping_status":"open","sticky":false,"template":"","format":"standard","meta":{"ngg_post_thumbnail":0,"footnotes":""},"categories":[2],"tags":[],"class_list":["post-7172","post","type-post","status-publish","format-standard","hentry","category-noticias"],"aioseo_notices":[],"gutentor_comment":0,"_links":{"self":[{"href":"https:\/\/sobedrj.com.br\/novo\/wp-json\/wp\/v2\/posts\/7172","targetHints":{"allow":["GET"]}}],"collection":[{"href":"https:\/\/sobedrj.com.br\/novo\/wp-json\/wp\/v2\/posts"}],"about":[{"href":"https:\/\/sobedrj.com.br\/novo\/wp-json\/wp\/v2\/types\/post"}],"author":[{"embeddable":true,"href":"https:\/\/sobedrj.com.br\/novo\/wp-json\/wp\/v2\/users\/1"}],"replies":[{"embeddable":true,"href":"https:\/\/sobedrj.com.br\/novo\/wp-json\/wp\/v2\/comments?post=7172"}],"version-history":[{"count":1,"href":"https:\/\/sobedrj.com.br\/novo\/wp-json\/wp\/v2\/posts\/7172\/revisions"}],"predecessor-version":[{"id":7173,"href":"https:\/\/sobedrj.com.br\/novo\/wp-json\/wp\/v2\/posts\/7172\/revisions\/7173"}],"wp:attachment":[{"href":"https:\/\/sobedrj.com.br\/novo\/wp-json\/wp\/v2\/media?parent=7172"}],"wp:term":[{"taxonomy":"category","embeddable":true,"href":"https:\/\/sobedrj.com.br\/novo\/wp-json\/wp\/v2\/categories?post=7172"},{"taxonomy":"post_tag","embeddable":true,"href":"https:\/\/sobedrj.com.br\/novo\/wp-json\/wp\/v2\/tags?post=7172"}],"curies":[{"name":"wp","href":"https:\/\/api.w.org\/{rel}","templated":true}]}}