{"id":7346,"date":"2019-05-27T16:47:48","date_gmt":"2019-05-27T16:47:48","guid":{"rendered":"http:\/\/sobedrj.com.br\/novo\/?p=7346"},"modified":"2019-05-27T19:30:32","modified_gmt":"2019-05-27T19:30:32","slug":"sobed-realiza-mutirao-no-dia-mundial-da-saude-digestiva","status":"publish","type":"post","link":"https:\/\/sobedrj.com.br\/novo\/2019\/05\/27\/sobed-realiza-mutirao-no-dia-mundial-da-saude-digestiva\/","title":{"rendered":"SOBED realiza mutir\u00e3o no Dia Mundial da Sa\u00fade Digestiva"},"content":{"rendered":"<p>fonte: SOBED<\/p>\n<p>No Dia Mundial da Sa\u00fade Digestiva, em 29 de maio, 12 m\u00e9dicos especialistas (gastroenterologistas, coloproctologistas e endoscopistas) participam do\u00a0<span class=\"il\">mutir\u00e3o<\/span>, com a realiza\u00e7\u00e3o de exames de colonoscopias em 60 pacientes previamente selecionados no Sistema \u00danico de Sa\u00fade (SUS). A a\u00e7\u00e3o, que acontece no Centro de Diagn\u00f3stico de Doen\u00e7as do Aparelho Digestivo (Gastrocentro), em Campinas (SP), tem como objetivo chamar aten\u00e7\u00e3o para a import\u00e2ncia da preven\u00e7\u00e3o do c\u00e2ncer colorretal, doen\u00e7a com 36 mil novos casos por ano no Brasil.<\/p>\n<p>O c\u00e2ncer de c\u00f3lon e reto \u00e9 o terceiro mais frequente em homens, com 17.380 mil diagn\u00f3sticos em 2018, e o segundo em mulheres, com 18.980 mil casos, no ano passado, segundo dados do Instituto Nacional do C\u00e2ncer (INCA). Apesar de ser um dos mais frequentes, a doen\u00e7a \u00e9 altamente preven\u00edvel e cur\u00e1vel.<\/p>\n<p>Segundo o Dr. Marcelo Averbach, presidente da Comiss\u00e3o de A\u00e7\u00f5es Sociais da Sociedade Brasileira de Endoscopia Digestiva (SOBED), entidade organizadora do\u00a0<span class=\"il\">mutir\u00e3o<\/span>, a partir de exames de rastreio e colonoscopia, \u00e9 poss\u00edvel diagnosticar p\u00f3lipos que, se adequadamente tratados, n\u00e3o se transformar\u00e3o em c\u00e2ncer.\u201cO exame tamb\u00e9m permite o diagn\u00f3stico precoce da doen\u00e7a, o que acarreta em melhores resultados quanto ao progn\u00f3stico\u201d, explica o especialista.<\/p>\n<p>O Dr. Lix Alfredo Reis de Oliveira, diretor de A\u00e7\u00f5es Sociais da SOBED, explica que at\u00e9 80% dos casos de c\u00e2ncer de c\u00f3lon e reto poderiam ser evitados, com a preven\u00e7\u00e3o. \u201cQuando o paciente apresenta sintomas \u00e9 porque a doen\u00e7a est\u00e1 em um est\u00e1gio mais avan\u00e7ado. Isso poderia ser identificado por meio do exame preventivo, feito a partir dos 50 anos, mesmo em pessoas sem antecedentes familiares, quando o p\u00f3lipo ainda \u00e9 uma les\u00e3o ou o c\u00e2ncer est\u00e1 na fase inicial\u201d.<\/p>\n<p><b>Colonoscopia no SUS<\/b><\/p>\n<p>Averbach complementa que as les\u00f5es diagnosticadas s\u00e3o pass\u00edveis de um tratamento endosc\u00f3pico, que ser\u00e1 realizado durante a colonoscopia, e os pacientes que necessitarem de tratamento cir\u00fargico ser\u00e3o tratados posteriormente na pr\u00f3pria Universidade Estadual de Campinas (Unicamp), parceira da SOBED na realiza\u00e7\u00e3o da atividade.<\/p>\n<p>\u201cOs pacientes que v\u00e3o dispor do servi\u00e7o do\u00a0<span class=\"il\">mutir\u00e3o<\/span>\u00a0n\u00e3o t\u00eam uma situa\u00e7\u00e3o socioecon\u00f4mica favorecida e n\u00e3o disp\u00f5em de um conv\u00eanio m\u00e9dico. A a\u00e7\u00e3o tamb\u00e9m chama aten\u00e7\u00e3o dos m\u00e9dicos e da sociedade em geral para a import\u00e2ncia desse rastreamento, que atualmente \u00e9 uma bandeira da nossa sociedade, pois visamos a implementa\u00e7\u00e3o de uma pol\u00edtica p\u00fablica de rastreamento deste c\u00e2ncer\u201d, concluiu o m\u00e9dico.<\/p>\n<p><b>Alto escal\u00e3o da endoscopia mundial<\/b><\/p>\n<p>O\u00a0<span class=\"il\">mutir\u00e3o<\/span>\u00a0abre a programa\u00e7\u00e3o XIII Simp\u00f3sio Internacional de Endoscopia Digestiva da SOBED, que acontece de 30 de maio e 1\u00ba de junho, em Campinas, e que este ano tem como tema \u201cC\u00e2ncer do Aparelho Digestivo\u201d. O evento re\u00fane m\u00e9dicos e profissionais de sa\u00fade especialistas, residentes e estudantes que participar\u00e3o de confer\u00eancias, mesas redondas e discuss\u00f5es, de exposi\u00e7\u00e3o de trabalhos cient\u00edficos e de cursos pr\u00e1ticos com o que h\u00e1 de mais atual na \u00e1rea.<\/p>\n<p>\u201cAprofundaremos nosso conhecimento nos aspectos diagn\u00f3sticos e, reafirmando o papel da endoscopia intervencionista, abordaremos os principais m\u00e9todos terap\u00eauticos curativos ou paliativos, endosc\u00f3picos\u201d, explica o Dr. Jairo Silva Alves, presidente da SOBED.<\/p>\n<p>A programa\u00e7\u00e3o completa do XIII Simp\u00f3sio SOBED pode ser conferida em\u00a0<a href=\"https:\/\/rsplink.rspress.com.br\/cl\/PFjM4\/A\/c2da\/0\/BMOV\/DyXuXPEs9_E\/1\/\" target=\"_blank\" rel=\"noopener\" data-saferedirecturl=\"https:\/\/www.google.com\/url?q=https:\/\/rsplink.rspress.com.br\/cl\/PFjM4\/A\/c2da\/0\/BMOV\/DyXuXPEs9_E\/1\/&amp;source=gmail&amp;ust=1558618741758000&amp;usg=AFQjCNEJSBKcF4nWjco1huK6yp1Hz1aO-w\">www.campinas2019.com.br<\/a><\/p>\n<p><b>Servi\u00e7o<\/b><\/p>\n<p><b><span class=\"il\">Mutir\u00e3o<\/span>\u00a0de colonoscopia<\/b><br \/>\nData: 29\/05\/2019, das 8 horas \u00e0s 17 horas<br \/>\nLocal: Gastrocentro Unicamp \u2013 Rua Carlos Chagas, 420, Cidade Universit\u00e1ria, Campinas (SP)<\/p>\n","protected":false},"excerpt":{"rendered":"<p>fonte: SOBED No Dia Mundial da Sa\u00fade Digestiva, em 29 de maio, 12 m\u00e9dicos especialistas (gastroenterologistas, coloproctologistas e endoscopistas) participam do\u00a0mutir\u00e3o, com a realiza\u00e7\u00e3o de exames de colonoscopias em 60 pacientes previamente selecionados no Sistema \u00danico de Sa\u00fade (SUS). A a\u00e7\u00e3o, que acontece no Centro de Diagn\u00f3stico de Doen\u00e7as do Aparelho Digestivo (Gastrocentro), em Campinas [&hellip;]<\/p>\n","protected":false},"author":1,"featured_media":7347,"comment_status":"closed","ping_status":"open","sticky":false,"template":"","format":"standard","meta":{"ngg_post_thumbnail":0,"footnotes":""},"categories":[2],"tags":[],"class_list":["post-7346","post","type-post","status-publish","format-standard","has-post-thumbnail","hentry","category-noticias"],"aioseo_notices":[],"gutentor_comment":0,"_links":{"self":[{"href":"https:\/\/sobedrj.com.br\/novo\/wp-json\/wp\/v2\/posts\/7346","targetHints":{"allow":["GET"]}}],"collection":[{"href":"https:\/\/sobedrj.com.br\/novo\/wp-json\/wp\/v2\/posts"}],"about":[{"href":"https:\/\/sobedrj.com.br\/novo\/wp-json\/wp\/v2\/types\/post"}],"author":[{"embeddable":true,"href":"https:\/\/sobedrj.com.br\/novo\/wp-json\/wp\/v2\/users\/1"}],"replies":[{"embeddable":true,"href":"https:\/\/sobedrj.com.br\/novo\/wp-json\/wp\/v2\/comments?post=7346"}],"version-history":[{"count":1,"href":"https:\/\/sobedrj.com.br\/novo\/wp-json\/wp\/v2\/posts\/7346\/revisions"}],"predecessor-version":[{"id":7348,"href":"https:\/\/sobedrj.com.br\/novo\/wp-json\/wp\/v2\/posts\/7346\/revisions\/7348"}],"wp:featuredmedia":[{"embeddable":true,"href":"https:\/\/sobedrj.com.br\/novo\/wp-json\/wp\/v2\/media\/7347"}],"wp:attachment":[{"href":"https:\/\/sobedrj.com.br\/novo\/wp-json\/wp\/v2\/media?parent=7346"}],"wp:term":[{"taxonomy":"category","embeddable":true,"href":"https:\/\/sobedrj.com.br\/novo\/wp-json\/wp\/v2\/categories?post=7346"},{"taxonomy":"post_tag","embeddable":true,"href":"https:\/\/sobedrj.com.br\/novo\/wp-json\/wp\/v2\/tags?post=7346"}],"curies":[{"name":"wp","href":"https:\/\/api.w.org\/{rel}","templated":true}]}}