{"id":7379,"date":"2019-06-03T11:20:51","date_gmt":"2019-06-03T11:20:51","guid":{"rendered":"http:\/\/sobedrj.com.br\/novo\/?p=7379"},"modified":"2019-06-03T14:58:31","modified_gmt":"2019-06-03T14:58:31","slug":"prefeitura-do-rio-prorroga-prazo-para-licenciamento-sanitario","status":"publish","type":"post","link":"https:\/\/sobedrj.com.br\/novo\/2019\/06\/03\/prefeitura-do-rio-prorroga-prazo-para-licenciamento-sanitario\/","title":{"rendered":"Prefeitura do Rio prorroga prazo para licenciamento sanit\u00e1rio"},"content":{"rendered":"<p>fonte: Prefeitura do Rio<\/p>\n<p>A Prefeitura do Rio prorrogou por um m\u00eas o prazo de licenciamento sanit\u00e1rio para as pessoas f\u00edsicas, entre eles, os m\u00e9dicos aut\u00f4nomos. O prazo agora \u00e9 at\u00e9 30 de junho. A prorroga\u00e7\u00e3o foi garantida por decreto do prefeito Marcelo Crivella, publicado no Di\u00e1rio Oficial desta quarta-feira, dia 29.<\/p>\n<p>O licenciamento, que a partir deste ano conta com todo o processo on-line, deve ser feito pelo Sistema de Informa\u00e7\u00f5es da Vigil\u00e2ncia Sanit\u00e1ria (Sisvisa), com acesso pelo portal Carioca Digital. De acordo com as novas regras estabelecidas pelo primeiro C\u00f3digo Sanit\u00e1rio do Munic\u00edpio que come\u00e7ou a ser implantado pela Prefeitura do Rio em janeiro deste ano, os que n\u00e3o cumprirem os prazos estar\u00e3o sujeitos \u00e0s san\u00e7\u00f5es previstas por lei, como as infra\u00e7\u00f5es geradas automaticamente pelo sistema, a partir das datas de vencimento. O cronograma com os segmentos, em que atividade cada um deles se enquadra e a data limite para o licenciamento est\u00e1 dispon\u00edvel no link\u00a0.<\/p>\n<p><strong>M\u00e9dicos lideram ranking dos licenciados<\/strong><\/p>\n<p>No ranking dos licenciados, as cl\u00ednicas m\u00e9dicas aparecem em terceiro lugar, os restaurantes v\u00eam em segundo e a lideran\u00e7a \u00e9 dos m\u00e9dicos. Eles respondem por quatro mil das 30 mil licen\u00e7as emitidas no universo dos 50 mil requerimentos feitos. A m\u00e9dica reumatologista Mariana Pereira de Souza Alves, 39 anos, tem consult\u00f3rio na Tijuca, na Zona Norte do Rio, e j\u00e1 emitiu a licen\u00e7a de sua empresa.<\/p>\n<p>&#8220;Agora ficou bem mais f\u00e1cil se licenciar, e com isso acredito que mais pessoas v\u00e3o se regularizar, o que \u00e9 muito importante para a preven\u00e7\u00e3o de riscos \u00e0 sa\u00fade. Antes era um processo cansativo, demorado, que levava meses. Agora a resposta \u00e9 praticamente instant\u00e2nea. Tudo on-line e bem rapidinho&#8221;, diz a m\u00e9dica, que j\u00e1 colocou o documento exposto em seu consult\u00f3rio, como exige a nova legisla\u00e7\u00e3o.<\/p>\n","protected":false},"excerpt":{"rendered":"<p>fonte: Prefeitura do Rio A Prefeitura do Rio prorrogou por um m\u00eas o prazo de licenciamento sanit\u00e1rio para as pessoas f\u00edsicas, entre eles, os m\u00e9dicos aut\u00f4nomos. O prazo agora \u00e9 at\u00e9 30 de junho. A prorroga\u00e7\u00e3o foi garantida por decreto do prefeito Marcelo Crivella, publicado no Di\u00e1rio Oficial desta quarta-feira, dia 29. O licenciamento, que [&hellip;]<\/p>\n","protected":false},"author":1,"featured_media":0,"comment_status":"closed","ping_status":"open","sticky":false,"template":"","format":"standard","meta":{"ngg_post_thumbnail":0,"footnotes":""},"categories":[2],"tags":[],"class_list":["post-7379","post","type-post","status-publish","format-standard","hentry","category-noticias"],"aioseo_notices":[],"gutentor_comment":0,"_links":{"self":[{"href":"https:\/\/sobedrj.com.br\/novo\/wp-json\/wp\/v2\/posts\/7379","targetHints":{"allow":["GET"]}}],"collection":[{"href":"https:\/\/sobedrj.com.br\/novo\/wp-json\/wp\/v2\/posts"}],"about":[{"href":"https:\/\/sobedrj.com.br\/novo\/wp-json\/wp\/v2\/types\/post"}],"author":[{"embeddable":true,"href":"https:\/\/sobedrj.com.br\/novo\/wp-json\/wp\/v2\/users\/1"}],"replies":[{"embeddable":true,"href":"https:\/\/sobedrj.com.br\/novo\/wp-json\/wp\/v2\/comments?post=7379"}],"version-history":[{"count":1,"href":"https:\/\/sobedrj.com.br\/novo\/wp-json\/wp\/v2\/posts\/7379\/revisions"}],"predecessor-version":[{"id":7380,"href":"https:\/\/sobedrj.com.br\/novo\/wp-json\/wp\/v2\/posts\/7379\/revisions\/7380"}],"wp:attachment":[{"href":"https:\/\/sobedrj.com.br\/novo\/wp-json\/wp\/v2\/media?parent=7379"}],"wp:term":[{"taxonomy":"category","embeddable":true,"href":"https:\/\/sobedrj.com.br\/novo\/wp-json\/wp\/v2\/categories?post=7379"},{"taxonomy":"post_tag","embeddable":true,"href":"https:\/\/sobedrj.com.br\/novo\/wp-json\/wp\/v2\/tags?post=7379"}],"curies":[{"name":"wp","href":"https:\/\/api.w.org\/{rel}","templated":true}]}}