{"id":7386,"date":"2019-06-11T12:18:32","date_gmt":"2019-06-11T12:18:32","guid":{"rendered":"http:\/\/sobedrj.com.br\/novo\/?p=7386"},"modified":"2019-06-11T13:56:22","modified_gmt":"2019-06-11T13:56:22","slug":"dra-adriana-vaz-safatle-ribeiro-e-a-palestrante-convidada-da-sessao-cientifica-deste-sabado-que-tratara-de-oncologia-molecular-na-pratica-endoscopica","status":"publish","type":"post","link":"https:\/\/sobedrj.com.br\/novo\/2019\/06\/11\/dra-adriana-vaz-safatle-ribeiro-e-a-palestrante-convidada-da-sessao-cientifica-deste-sabado-que-tratara-de-oncologia-molecular-na-pratica-endoscopica\/","title":{"rendered":"Dra. Adriana Vaz Safatle-Ribeiro \u00e9 a palestrante convidada da sess\u00e3o cient\u00edfica deste s\u00e1bado, que tratar\u00e1 de Oncologia Molecular na pr\u00e1tica endosc\u00f3pica"},"content":{"rendered":"<p>A SOBED-RJ realiza neste s\u00e1bado, dia 15, a partir das 9h, sua sess\u00e3o cient\u00edfica de junho, que abordar\u00e1 <em>Oncologia Molecular na pr\u00e1tica endosc\u00f3pica<\/em>. O evento ocorrer\u00e1 no centro de estudos do Hospital Samaritano, em Botafogo, e tem entrada aberta a m\u00e9dicos.<\/p>\n<p>A palestrante convidada \u00e9 a Dra.\u00a0Adriana Vaz Safatle-Ribeiro, Profa. em Cirurgia do Aparelho Digestivo e Coloproctologia do Departamento de Gastroenterologia da Faculdade de Medicina da Universidade de S\u00e3o Paulo; m\u00e9dica assistentes do servi\u00e7o de Endoscopia do Instituto do C\u00e2ncer da FMUSP e do servi\u00e7o de Endoscopia do Hospital S\u00edrio Liban\u00eas; e coordenadora do servi\u00e7o de Colonoscopia da Disciplina de Coloproctologia do Hospital das Cl\u00ednicas da FMUSP.<\/p>\n<p>A coordena\u00e7\u00e3o do evento \u00e9 do\u00a0Prof. Lu\u00eds Felipe Ribeiro Pinto (chefe do Programa de Carcinog\u00eanese Molecular &#8211; CPq\/INCA e coordenador da \u00e1rea Medicina 1 &#8211; CAPES), da Dra. Simone Guaraldi da Silva (m\u00e9dica pesquisadora da Se\u00e7\u00e3o de Endoscopia &#8211; Hospital do C\u00e2ncer 1 &#8211; e do Programa de Carcinog\u00eanese Molecular &#8211; INCA), e da Dra. Maria Aparecida Ferreira (chefe da se\u00e7\u00e3o de Endoscopia &#8211; INCA).<\/p>\n<p><strong>SAIBA COMO CHEGAR<\/strong><\/p>\n<p>Rua Assun\u00e7\u00e3o, 286, Botafogo<\/p>\n<p style=\"text-align: center;\"><iframe loading=\"lazy\" style=\"border: 0;\" src=\"https:\/\/www.google.com\/maps\/embed?pb=!1m18!1m12!1m3!1d117546.91748597642!2d-43.31459333755127!3d-22.97447851580375!2m3!1f0!2f0!3f0!3m2!1i1024!2i768!4f13.1!3m3!1m2!1s0x0%3A0x515a85bd78b3e96d!2sCentro+De+Estudos+Do+Hospital+Samaritano!5e0!3m2!1spt-PT!2sbr!4v1552904110272\" width=\"600\" height=\"450\" frameborder=\"0\" allowfullscreen=\"allowfullscreen\" data-mce-fragment=\"1\"><\/iframe><\/p>\n","protected":false},"excerpt":{"rendered":"<p>A SOBED-RJ realiza neste s\u00e1bado, dia 15, a partir das 9h, sua sess\u00e3o cient\u00edfica de junho, que abordar\u00e1 Oncologia Molecular na pr\u00e1tica endosc\u00f3pica. O evento ocorrer\u00e1 no centro de estudos do Hospital Samaritano, em Botafogo, e tem entrada aberta a m\u00e9dicos. A palestrante convidada \u00e9 a Dra.\u00a0Adriana Vaz Safatle-Ribeiro, Profa. em Cirurgia do Aparelho Digestivo [&hellip;]<\/p>\n","protected":false},"author":1,"featured_media":7387,"comment_status":"closed","ping_status":"open","sticky":false,"template":"","format":"standard","meta":{"ngg_post_thumbnail":0,"footnotes":""},"categories":[2],"tags":[],"class_list":["post-7386","post","type-post","status-publish","format-standard","has-post-thumbnail","hentry","category-noticias"],"aioseo_notices":[],"gutentor_comment":0,"_links":{"self":[{"href":"https:\/\/sobedrj.com.br\/novo\/wp-json\/wp\/v2\/posts\/7386","targetHints":{"allow":["GET"]}}],"collection":[{"href":"https:\/\/sobedrj.com.br\/novo\/wp-json\/wp\/v2\/posts"}],"about":[{"href":"https:\/\/sobedrj.com.br\/novo\/wp-json\/wp\/v2\/types\/post"}],"author":[{"embeddable":true,"href":"https:\/\/sobedrj.com.br\/novo\/wp-json\/wp\/v2\/users\/1"}],"replies":[{"embeddable":true,"href":"https:\/\/sobedrj.com.br\/novo\/wp-json\/wp\/v2\/comments?post=7386"}],"version-history":[{"count":3,"href":"https:\/\/sobedrj.com.br\/novo\/wp-json\/wp\/v2\/posts\/7386\/revisions"}],"predecessor-version":[{"id":7390,"href":"https:\/\/sobedrj.com.br\/novo\/wp-json\/wp\/v2\/posts\/7386\/revisions\/7390"}],"wp:featuredmedia":[{"embeddable":true,"href":"https:\/\/sobedrj.com.br\/novo\/wp-json\/wp\/v2\/media\/7387"}],"wp:attachment":[{"href":"https:\/\/sobedrj.com.br\/novo\/wp-json\/wp\/v2\/media?parent=7386"}],"wp:term":[{"taxonomy":"category","embeddable":true,"href":"https:\/\/sobedrj.com.br\/novo\/wp-json\/wp\/v2\/categories?post=7386"},{"taxonomy":"post_tag","embeddable":true,"href":"https:\/\/sobedrj.com.br\/novo\/wp-json\/wp\/v2\/tags?post=7386"}],"curies":[{"name":"wp","href":"https:\/\/api.w.org\/{rel}","templated":true}]}}